{"id":4821,"date":"2017-03-26T17:51:06","date_gmt":"2017-03-26T17:51:06","guid":{"rendered":"http:\/\/www.cgt-hopital-manosque.fr\/?p=4821"},"modified":"2017-03-26T17:51:06","modified_gmt":"2017-03-26T17:51:06","slug":"26-mars-2017-declaration-de-la-cgt-sur-les-elections-presidentielles","status":"publish","type":"post","link":"http:\/\/www.cgt-hopital-manosque.fr\/?p=4821","title":{"rendered":"26 mars 2017 &#8211; D\u00e9claration de la CGT sur les \u00e9lections pr\u00e9sidentielles"},"content":{"rendered":"<p><a href=\"http:\/\/www.cgt-hopital-manosque.fr\/wp-content\/uploads\/2017\/03\/785.-Elections-pre\u0301sidentielles-De\u0301claration-de-la-CGT-p1.jpg\"><img loading=\"lazy\" decoding=\"async\" src=\"http:\/\/www.cgt-hopital-manosque.fr\/wp-content\/uploads\/2017\/03\/785.-Elections-pre\u0301sidentielles-De\u0301claration-de-la-CGT-p1.jpg\" alt=\"785. Elections pre\u0301sidentielles - De\u0301claration de la CGT (p1)\" width=\"593\" height=\"883\" class=\"aligncenter size-full wp-image-4822\" srcset=\"http:\/\/www.cgt-hopital-manosque.fr\/wp-content\/uploads\/2017\/03\/785.-Elections-pre\u0301sidentielles-De\u0301claration-de-la-CGT-p1.jpg 593w, http:\/\/www.cgt-hopital-manosque.fr\/wp-content\/uploads\/2017\/03\/785.-Elections-pre\u0301sidentielles-De\u0301claration-de-la-CGT-p1-201x300.jpg 201w\" sizes=\"(max-width: 593px) 100vw, 593px\" \/><\/a><\/p>\n<p><a href=\"http:\/\/www.cgt-hopital-manosque.fr\/wp-content\/uploads\/2017\/03\/785.-Elections-pre\u0301sidentielles-De\u0301claration-de-la-CGT-p2.jpg\"><img loading=\"lazy\" decoding=\"async\" src=\"http:\/\/www.cgt-hopital-manosque.fr\/wp-content\/uploads\/2017\/03\/785.-Elections-pre\u0301sidentielles-De\u0301claration-de-la-CGT-p2.jpg\" alt=\"785. Elections pre\u0301sidentielles - De\u0301claration de la CGT (p2)\" width=\"615\" height=\"823\" class=\"aligncenter size-full wp-image-4823\" srcset=\"http:\/\/www.cgt-hopital-manosque.fr\/wp-content\/uploads\/2017\/03\/785.-Elections-pre\u0301sidentielles-De\u0301claration-de-la-CGT-p2.jpg 615w, http:\/\/www.cgt-hopital-manosque.fr\/wp-content\/uploads\/2017\/03\/785.-Elections-pre\u0301sidentielles-De\u0301claration-de-la-CGT-p2-224x300.jpg 224w\" sizes=\"(max-width: 615px) 100vw, 615px\" \/><\/a><\/p>\n","protected":false},"excerpt":{"rendered":"","protected":false},"author":1,"featured_media":0,"comment_status":"closed","ping_status":"closed","sticky":false,"template":"","format":"standard","meta":{"footnotes":""},"categories":[7],"tags":[],"views":1464,"_links":{"self":[{"href":"http:\/\/www.cgt-hopital-manosque.fr\/index.php?rest_route=\/wp\/v2\/posts\/4821"}],"collection":[{"href":"http:\/\/www.cgt-hopital-manosque.fr\/index.php?rest_route=\/wp\/v2\/posts"}],"about":[{"href":"http:\/\/www.cgt-hopital-manosque.fr\/index.php?rest_route=\/wp\/v2\/types\/post"}],"author":[{"embeddable":true,"href":"http:\/\/www.cgt-hopital-manosque.fr\/index.php?rest_route=\/wp\/v2\/users\/1"}],"replies":[{"embeddable":true,"href":"http:\/\/www.cgt-hopital-manosque.fr\/index.php?rest_route=%2Fwp%2Fv2%2Fcomments&post=4821"}],"version-history":[{"count":1,"href":"http:\/\/www.cgt-hopital-manosque.fr\/index.php?rest_route=\/wp\/v2\/posts\/4821\/revisions"}],"predecessor-version":[{"id":4824,"href":"http:\/\/www.cgt-hopital-manosque.fr\/index.php?rest_route=\/wp\/v2\/posts\/4821\/revisions\/4824"}],"wp:attachment":[{"href":"http:\/\/www.cgt-hopital-manosque.fr\/index.php?rest_route=%2Fwp%2Fv2%2Fmedia&parent=4821"}],"wp:term":[{"taxonomy":"category","embeddable":true,"href":"http:\/\/www.cgt-hopital-manosque.fr\/index.php?rest_route=%2Fwp%2Fv2%2Fcategories&post=4821"},{"taxonomy":"post_tag","embeddable":true,"href":"http:\/\/www.cgt-hopital-manosque.fr\/index.php?rest_route=%2Fwp%2Fv2%2Ftags&post=4821"}],"curies":[{"name":"wp","href":"https:\/\/api.w.org\/{rel}","templated":true}]}}