{"id":4836,"date":"2017-03-31T19:46:48","date_gmt":"2017-03-31T19:46:48","guid":{"rendered":"http:\/\/www.cgt-hopital-manosque.fr\/?p=4836"},"modified":"2017-03-31T19:47:46","modified_gmt":"2017-03-31T19:47:46","slug":"1er-avril-2017-le-journal-de-lud-cgt-04-du-mois-de-mars-2017","status":"publish","type":"post","link":"http:\/\/www.cgt-hopital-manosque.fr\/?p=4836","title":{"rendered":"1er avril 2017 &#8211; Le journal de l&rsquo;UD CGT 04 du mois de mars 2017"},"content":{"rendered":"<p><a href=\"http:\/\/www.cgt-hopital-manosque.fr\/wp-content\/uploads\/2017\/03\/788.-Sommaire-journal-UD-CGT-mars-2017.jpg\"><img loading=\"lazy\" decoding=\"async\" src=\"http:\/\/www.cgt-hopital-manosque.fr\/wp-content\/uploads\/2017\/03\/788.-Sommaire-journal-UD-CGT-mars-2017.jpg\" alt=\"Sommaire journal UD CGT mars 2017\" width=\"631\" height=\"905\" class=\"aligncenter size-full wp-image-4838\" srcset=\"http:\/\/www.cgt-hopital-manosque.fr\/wp-content\/uploads\/2017\/03\/788.-Sommaire-journal-UD-CGT-mars-2017.jpg 631w, http:\/\/www.cgt-hopital-manosque.fr\/wp-content\/uploads\/2017\/03\/788.-Sommaire-journal-UD-CGT-mars-2017-209x300.jpg 209w\" sizes=\"(max-width: 631px) 100vw, 631px\" \/><\/a><\/p>\n<p style= \"text-align: justify;\"><strong><br \/>\nSommaire : <\/p>\n<p style= \"text-align: justify;\">Page 1 : Edito d&rsquo;Alain Bard<\/p>\n<p style= \"text-align: justify;\">Page 2 : Journ\u00e9e d&rsquo;action du 7 mars<\/p>\n<p style= \"text-align: justify;\">Pages 3 et 4 : R\u00e9sultats des \u00e9lections TPE<\/p>\n<p style= \"text-align: justify;\">Page 5 : Journ\u00e9e d&rsquo;action du 21 mars<\/p>\n<p style= \"text-align: justify;\">Page 6 : Mobilisation pour sauver la poste de Revest du Bion + Formation Sant\u00e9 priv\u00e9e et action sociale<\/p>\n<p style= \"text-align: justify;\">Page 7 : Mobilisation au lyc\u00e9e Beau de Rochas + journ\u00e9e du 8 mars<\/p>\n<p style= \"text-align: justify;\"> Page 8 : Info de derni\u00e8res minutes<\/p>\n<p style= \"text-align: justify;\">\n<p style= \"text-align: justify;\">\nPOUR CONSULTER LE JOURNAL COMPLET, <a href=\"http:\/\/www.cgt-hopital-manosque.fr\/wp-content\/uploads\/2017\/03\/788.-Journal-UD-CGT-04-mars-2017.pdf\">CLIQUER ICI<\/a><br \/>\n<\/strong><\/p>\n","protected":false},"excerpt":{"rendered":"<p>Sommaire : Page 1 : Edito d&rsquo;Alain Bard Page 2 : Journ\u00e9e d&rsquo;action du 7 mars Pages 3 et 4 : R\u00e9sultats des \u00e9lections TPE Page 5 : Journ\u00e9e d&rsquo;action du 21 mars Page 6 : Mobilisation pour sauver la poste de Revest du Bion + Formation Sant\u00e9 priv\u00e9e et action sociale Page 7 : [&hellip;]<\/p>\n","protected":false},"author":1,"featured_media":0,"comment_status":"closed","ping_status":"closed","sticky":false,"template":"","format":"standard","meta":{"footnotes":""},"categories":[7],"tags":[],"views":1749,"_links":{"self":[{"href":"http:\/\/www.cgt-hopital-manosque.fr\/index.php?rest_route=\/wp\/v2\/posts\/4836"}],"collection":[{"href":"http:\/\/www.cgt-hopital-manosque.fr\/index.php?rest_route=\/wp\/v2\/posts"}],"about":[{"href":"http:\/\/www.cgt-hopital-manosque.fr\/index.php?rest_route=\/wp\/v2\/types\/post"}],"author":[{"embeddable":true,"href":"http:\/\/www.cgt-hopital-manosque.fr\/index.php?rest_route=\/wp\/v2\/users\/1"}],"replies":[{"embeddable":true,"href":"http:\/\/www.cgt-hopital-manosque.fr\/index.php?rest_route=%2Fwp%2Fv2%2Fcomments&post=4836"}],"version-history":[{"count":2,"href":"http:\/\/www.cgt-hopital-manosque.fr\/index.php?rest_route=\/wp\/v2\/posts\/4836\/revisions"}],"predecessor-version":[{"id":4840,"href":"http:\/\/www.cgt-hopital-manosque.fr\/index.php?rest_route=\/wp\/v2\/posts\/4836\/revisions\/4840"}],"wp:attachment":[{"href":"http:\/\/www.cgt-hopital-manosque.fr\/index.php?rest_route=%2Fwp%2Fv2%2Fmedia&parent=4836"}],"wp:term":[{"taxonomy":"category","embeddable":true,"href":"http:\/\/www.cgt-hopital-manosque.fr\/index.php?rest_route=%2Fwp%2Fv2%2Fcategories&post=4836"},{"taxonomy":"post_tag","embeddable":true,"href":"http:\/\/www.cgt-hopital-manosque.fr\/index.php?rest_route=%2Fwp%2Fv2%2Ftags&post=4836"}],"curies":[{"name":"wp","href":"https:\/\/api.w.org\/{rel}","templated":true}]}}