{"id":4847,"date":"2017-04-03T16:12:47","date_gmt":"2017-04-03T16:12:47","guid":{"rendered":"http:\/\/www.cgt-hopital-manosque.fr\/?p=4847"},"modified":"2017-04-03T16:12:47","modified_gmt":"2017-04-03T16:12:47","slug":"4-avril-2017-declaration-du-comite-regional-cgt-paca-elections-presidentielles-voter-pour-le-progres-social","status":"publish","type":"post","link":"http:\/\/www.cgt-hopital-manosque.fr\/?p=4847","title":{"rendered":"4 avril 2017 &#8211; D\u00e9claration du Comit\u00e9 R\u00e9gional CGT PACA &#8211; Elections pr\u00e9sidentielles : voter pour le progr\u00e8s social"},"content":{"rendered":"<p><a href=\"http:\/\/www.cgt-hopital-manosque.fr\/wp-content\/uploads\/2017\/04\/790.-Declaration-CR-CGT-PACA-Elections-Presidentielles-2017-1.jpg\"><img loading=\"lazy\" decoding=\"async\" src=\"http:\/\/www.cgt-hopital-manosque.fr\/wp-content\/uploads\/2017\/04\/790.-Declaration-CR-CGT-PACA-Elections-Presidentielles-2017-1.jpg\" alt=\"790. Declaration CR CGT PACA - Elections Presidentielles 2017 (1)\" width=\"639\" height=\"901\" class=\"aligncenter size-full wp-image-4848\" srcset=\"http:\/\/www.cgt-hopital-manosque.fr\/wp-content\/uploads\/2017\/04\/790.-Declaration-CR-CGT-PACA-Elections-Presidentielles-2017-1.jpg 639w, http:\/\/www.cgt-hopital-manosque.fr\/wp-content\/uploads\/2017\/04\/790.-Declaration-CR-CGT-PACA-Elections-Presidentielles-2017-1-213x300.jpg 213w\" sizes=\"(max-width: 639px) 100vw, 639px\" \/><\/a><\/p>\n<p><a href=\"http:\/\/www.cgt-hopital-manosque.fr\/wp-content\/uploads\/2017\/04\/790.-Declaration-CR-CGT-PACA-Elections-Presidentielles-2017-2.jpg\"><img loading=\"lazy\" decoding=\"async\" src=\"http:\/\/www.cgt-hopital-manosque.fr\/wp-content\/uploads\/2017\/04\/790.-Declaration-CR-CGT-PACA-Elections-Presidentielles-2017-2.jpg\" alt=\"790. Declaration CR CGT PACA - Elections Presidentielles 2017 (2)\" width=\"614\" height=\"764\" class=\"aligncenter size-full wp-image-4849\" srcset=\"http:\/\/www.cgt-hopital-manosque.fr\/wp-content\/uploads\/2017\/04\/790.-Declaration-CR-CGT-PACA-Elections-Presidentielles-2017-2.jpg 614w, http:\/\/www.cgt-hopital-manosque.fr\/wp-content\/uploads\/2017\/04\/790.-Declaration-CR-CGT-PACA-Elections-Presidentielles-2017-2-241x300.jpg 241w\" sizes=\"(max-width: 614px) 100vw, 614px\" \/><\/a><\/p>\n<p><strong>POUR CONSULTER LE COMMUNIQUE COMPLET, <a href=\"http:\/\/www.cgt-hopital-manosque.fr\/wp-content\/uploads\/2017\/04\/790.-Declaration-CR-CGT-PACA-Elections-Presidentielles-2017.pdf\">CLIQUER ICI<\/a><\/strong><\/p>\n","protected":false},"excerpt":{"rendered":"<p>POUR CONSULTER LE COMMUNIQUE COMPLET, CLIQUER ICI<\/p>\n","protected":false},"author":1,"featured_media":0,"comment_status":"closed","ping_status":"closed","sticky":false,"template":"","format":"standard","meta":{"footnotes":""},"categories":[7],"tags":[],"views":1394,"_links":{"self":[{"href":"http:\/\/www.cgt-hopital-manosque.fr\/index.php?rest_route=\/wp\/v2\/posts\/4847"}],"collection":[{"href":"http:\/\/www.cgt-hopital-manosque.fr\/index.php?rest_route=\/wp\/v2\/posts"}],"about":[{"href":"http:\/\/www.cgt-hopital-manosque.fr\/index.php?rest_route=\/wp\/v2\/types\/post"}],"author":[{"embeddable":true,"href":"http:\/\/www.cgt-hopital-manosque.fr\/index.php?rest_route=\/wp\/v2\/users\/1"}],"replies":[{"embeddable":true,"href":"http:\/\/www.cgt-hopital-manosque.fr\/index.php?rest_route=%2Fwp%2Fv2%2Fcomments&post=4847"}],"version-history":[{"count":1,"href":"http:\/\/www.cgt-hopital-manosque.fr\/index.php?rest_route=\/wp\/v2\/posts\/4847\/revisions"}],"predecessor-version":[{"id":4851,"href":"http:\/\/www.cgt-hopital-manosque.fr\/index.php?rest_route=\/wp\/v2\/posts\/4847\/revisions\/4851"}],"wp:attachment":[{"href":"http:\/\/www.cgt-hopital-manosque.fr\/index.php?rest_route=%2Fwp%2Fv2%2Fmedia&parent=4847"}],"wp:term":[{"taxonomy":"category","embeddable":true,"href":"http:\/\/www.cgt-hopital-manosque.fr\/index.php?rest_route=%2Fwp%2Fv2%2Fcategories&post=4847"},{"taxonomy":"post_tag","embeddable":true,"href":"http:\/\/www.cgt-hopital-manosque.fr\/index.php?rest_route=%2Fwp%2Fv2%2Ftags&post=4847"}],"curies":[{"name":"wp","href":"https:\/\/api.w.org\/{rel}","templated":true}]}}