{"id":491,"date":"2012-06-13T18:25:05","date_gmt":"2012-06-13T18:25:05","guid":{"rendered":"http:\/\/www.cgt-hopital-manosque.fr\/?p=491"},"modified":"2012-06-25T18:17:39","modified_gmt":"2012-06-25T18:17:39","slug":"14-juin-2012-recapitulatif-de-vos-droits-en-matiere-de-formation","status":"publish","type":"post","link":"http:\/\/www.cgt-hopital-manosque.fr\/?p=491","title":{"rendered":"14 juin 2012 &#8211; R\u00e9capitulatif de vos droits en mati\u00e8re de formation"},"content":{"rendered":"<p>Votre cadre vous a distribu\u00e9 ou va vous distribuer une feuille relative aux demandes de formation afin de conna\u00eetre vos souhaits en mati\u00e8re de formation pour l\u2019ann\u00e9e 2013. C\u2019est pour cela que la CGT tient \u00e0 vous informer sur vos droits en mati\u00e8re de formation. A cet effet, nous vous avons synth\u00e9tis\u00e9 un r\u00e9capitulatif de vos droits (voir le tract recto\/verso en cliquant sur le lien ci-dessous). <strong><a href='http:\/\/www.cgt-hopital-manosque.fr\/wp-content\/uploads\/2012\/06\/Tract-Formation-juin-2012.pdf'>Cliquer ici<\/a><\/strong><\/p>\n","protected":false},"excerpt":{"rendered":"<p>Votre cadre vous a distribu\u00e9 ou va vous distribuer une feuille relative aux demandes de formation afin de conna\u00eetre vos souhaits en mati\u00e8re de formation pour l\u2019ann\u00e9e 2013. C\u2019est pour cela que la CGT tient \u00e0 vous informer sur vos droits en mati\u00e8re de formation. A cet effet, nous vous avons synth\u00e9tis\u00e9 un r\u00e9capitulatif de [&hellip;]<\/p>\n","protected":false},"author":1,"featured_media":0,"comment_status":"closed","ping_status":"open","sticky":false,"template":"","format":"standard","meta":{"footnotes":""},"categories":[7,5],"tags":[],"views":2098,"_links":{"self":[{"href":"http:\/\/www.cgt-hopital-manosque.fr\/index.php?rest_route=\/wp\/v2\/posts\/491"}],"collection":[{"href":"http:\/\/www.cgt-hopital-manosque.fr\/index.php?rest_route=\/wp\/v2\/posts"}],"about":[{"href":"http:\/\/www.cgt-hopital-manosque.fr\/index.php?rest_route=\/wp\/v2\/types\/post"}],"author":[{"embeddable":true,"href":"http:\/\/www.cgt-hopital-manosque.fr\/index.php?rest_route=\/wp\/v2\/users\/1"}],"replies":[{"embeddable":true,"href":"http:\/\/www.cgt-hopital-manosque.fr\/index.php?rest_route=%2Fwp%2Fv2%2Fcomments&post=491"}],"version-history":[{"count":8,"href":"http:\/\/www.cgt-hopital-manosque.fr\/index.php?rest_route=\/wp\/v2\/posts\/491\/revisions"}],"predecessor-version":[{"id":533,"href":"http:\/\/www.cgt-hopital-manosque.fr\/index.php?rest_route=\/wp\/v2\/posts\/491\/revisions\/533"}],"wp:attachment":[{"href":"http:\/\/www.cgt-hopital-manosque.fr\/index.php?rest_route=%2Fwp%2Fv2%2Fmedia&parent=491"}],"wp:term":[{"taxonomy":"category","embeddable":true,"href":"http:\/\/www.cgt-hopital-manosque.fr\/index.php?rest_route=%2Fwp%2Fv2%2Fcategories&post=491"},{"taxonomy":"post_tag","embeddable":true,"href":"http:\/\/www.cgt-hopital-manosque.fr\/index.php?rest_route=%2Fwp%2Fv2%2Ftags&post=491"}],"curies":[{"name":"wp","href":"https:\/\/api.w.org\/{rel}","templated":true}]}}