{"id":4927,"date":"2017-04-14T13:24:29","date_gmt":"2017-04-14T13:24:29","guid":{"rendered":"http:\/\/www.cgt-hopital-manosque.fr\/?p=4927"},"modified":"2017-04-14T13:24:29","modified_gmt":"2017-04-14T13:24:29","slug":"14-avril-2017-guide-2017-de-prevention-et-de-traitement-des-situations-de-violences-et-de-harcelement-dans-la-fonction-publique","status":"publish","type":"post","link":"http:\/\/www.cgt-hopital-manosque.fr\/?p=4927","title":{"rendered":"14 avril 2017 &#8211; Guide 2017 de pr\u00e9vention et de traitement des situations de violences et de harc\u00e8lement dans la fonction publique"},"content":{"rendered":"<p><a href=\"http:\/\/www.cgt-hopital-manosque.fr\/wp-content\/uploads\/2017\/04\/796.-Guide-pr\u00e9vention-violences-et-harc\u00e8lement.jpg\"><img loading=\"lazy\" decoding=\"async\" src=\"http:\/\/www.cgt-hopital-manosque.fr\/wp-content\/uploads\/2017\/04\/796.-Guide-pr\u00e9vention-violences-et-harc\u00e8lement.jpg\" alt=\"796. Guide pr\u00e9vention violences et harc\u00e8lement\" width=\"639\" height=\"905\" class=\"aligncenter size-full wp-image-4928\" srcset=\"http:\/\/www.cgt-hopital-manosque.fr\/wp-content\/uploads\/2017\/04\/796.-Guide-pr\u00e9vention-violences-et-harc\u00e8lement.jpg 639w, http:\/\/www.cgt-hopital-manosque.fr\/wp-content\/uploads\/2017\/04\/796.-Guide-pr\u00e9vention-violences-et-harc\u00e8lement-212x300.jpg 212w\" sizes=\"(max-width: 639px) 100vw, 639px\" \/><\/a><\/p>\n<p style= \"text-align: justify;\">Le Guide de pr\u00e9vention et traitement des situations de violences et de harc\u00e8lement dans la fonction publique s\u2019inscrit dans le cadre de la r\u00e9alisation du 4e Plan interminist\u00e9riel de pr\u00e9vention des violences faites aux femmes (2014-2016) et du lancement du 5e Plan interminist\u00e9riel de pr\u00e9vention des violences faites aux femmes (2017-2019). Il participe \u00e9galement de la mise en oeuvre de l\u2019accord relatif \u00e0 l\u2019\u00e9galit\u00e9 professionnelle entre les femmes et les hommes dans la fonction publique, sign\u00e9 le 8 mars 2013. <\/p>\n<p style= \"text-align: justify;\">Ce guide pr\u00e9cise le cadre de protection des agents de la fonction publique, rappelle les r\u00e8gles, acteurs et outils de la pr\u00e9vention, explique les moyens d\u2019action pour intervenir en cas de harc\u00e8lement et de violences et, enfin, pr\u00e9sente des retours d\u2019exp\u00e9rience provenant des trois versants de la fonction publique. Il a pour vocation d\u2019informer et d\u2019accompagner les employeurs, personnels RH et acteurs de la pr\u00e9vention, ainsi que les agents victimes ou t\u00e9moins de violences et de harc\u00e8lement dans la fonction publique. <\/p>\n<p><strong>POUR CONSULTER LE GUIDE, <a href=\"http:\/\/www.cgt-hopital-manosque.fr\/wp-content\/uploads\/2017\/04\/796.-Guide-pr\u00e9vention-violences-et-harc\u00e8lement.pdf\">CLIQUER ICI<\/a><\/strong><\/p>\n","protected":false},"excerpt":{"rendered":"<p>Le Guide de pr\u00e9vention et traitement des situations de violences et de harc\u00e8lement dans la fonction publique s\u2019inscrit dans le cadre de la r\u00e9alisation du 4e Plan interminist\u00e9riel de pr\u00e9vention des violences faites aux femmes (2014-2016) et du lancement du 5e Plan interminist\u00e9riel de pr\u00e9vention des violences faites aux femmes (2017-2019). Il participe \u00e9galement de [&hellip;]<\/p>\n","protected":false},"author":1,"featured_media":0,"comment_status":"closed","ping_status":"closed","sticky":false,"template":"","format":"standard","meta":{"footnotes":""},"categories":[5],"tags":[],"views":1558,"_links":{"self":[{"href":"http:\/\/www.cgt-hopital-manosque.fr\/index.php?rest_route=\/wp\/v2\/posts\/4927"}],"collection":[{"href":"http:\/\/www.cgt-hopital-manosque.fr\/index.php?rest_route=\/wp\/v2\/posts"}],"about":[{"href":"http:\/\/www.cgt-hopital-manosque.fr\/index.php?rest_route=\/wp\/v2\/types\/post"}],"author":[{"embeddable":true,"href":"http:\/\/www.cgt-hopital-manosque.fr\/index.php?rest_route=\/wp\/v2\/users\/1"}],"replies":[{"embeddable":true,"href":"http:\/\/www.cgt-hopital-manosque.fr\/index.php?rest_route=%2Fwp%2Fv2%2Fcomments&post=4927"}],"version-history":[{"count":1,"href":"http:\/\/www.cgt-hopital-manosque.fr\/index.php?rest_route=\/wp\/v2\/posts\/4927\/revisions"}],"predecessor-version":[{"id":4930,"href":"http:\/\/www.cgt-hopital-manosque.fr\/index.php?rest_route=\/wp\/v2\/posts\/4927\/revisions\/4930"}],"wp:attachment":[{"href":"http:\/\/www.cgt-hopital-manosque.fr\/index.php?rest_route=%2Fwp%2Fv2%2Fmedia&parent=4927"}],"wp:term":[{"taxonomy":"category","embeddable":true,"href":"http:\/\/www.cgt-hopital-manosque.fr\/index.php?rest_route=%2Fwp%2Fv2%2Fcategories&post=4927"},{"taxonomy":"post_tag","embeddable":true,"href":"http:\/\/www.cgt-hopital-manosque.fr\/index.php?rest_route=%2Fwp%2Fv2%2Ftags&post=4927"}],"curies":[{"name":"wp","href":"https:\/\/api.w.org\/{rel}","templated":true}]}}