{"id":4931,"date":"2017-04-14T13:28:43","date_gmt":"2017-04-14T13:28:43","guid":{"rendered":"http:\/\/www.cgt-hopital-manosque.fr\/?p=4931"},"modified":"2017-04-14T13:28:43","modified_gmt":"2017-04-14T13:28:43","slug":"14-avril-2017-chsct-exceptionnel-suite-a-un-debut-dincendie-a-lhopital-de-manosque","status":"publish","type":"post","link":"http:\/\/www.cgt-hopital-manosque.fr\/?p=4931","title":{"rendered":"14 avril 2017 &#8211; CHSCT exceptionnel suite \u00e0 un d\u00e9but d&rsquo;incendie \u00e0 l&rsquo;h\u00f4pital de Manosque"},"content":{"rendered":"<p><a href=\"http:\/\/www.cgt-hopital-manosque.fr\/wp-content\/uploads\/2017\/04\/797.-Info-CHSCT-incendie-h\u00f4pital-de-Manosque-p1.jpg\"><img loading=\"lazy\" decoding=\"async\" src=\"http:\/\/www.cgt-hopital-manosque.fr\/wp-content\/uploads\/2017\/04\/797.-Info-CHSCT-incendie-h\u00f4pital-de-Manosque-p1.jpg\" alt=\"797. Info CHSCT incendie h\u00f4pital de Manosque p1\" width=\"603\" height=\"911\" class=\"aligncenter size-full wp-image-4932\" srcset=\"http:\/\/www.cgt-hopital-manosque.fr\/wp-content\/uploads\/2017\/04\/797.-Info-CHSCT-incendie-h\u00f4pital-de-Manosque-p1.jpg 603w, http:\/\/www.cgt-hopital-manosque.fr\/wp-content\/uploads\/2017\/04\/797.-Info-CHSCT-incendie-h\u00f4pital-de-Manosque-p1-199x300.jpg 199w\" sizes=\"(max-width: 603px) 100vw, 603px\" \/><\/a><\/p>\n<p><a href=\"http:\/\/www.cgt-hopital-manosque.fr\/wp-content\/uploads\/2017\/04\/797.-Info-CHSCT-incendie-h\u00f4pital-de-Manosque-p2.jpg\"><img loading=\"lazy\" decoding=\"async\" src=\"http:\/\/www.cgt-hopital-manosque.fr\/wp-content\/uploads\/2017\/04\/797.-Info-CHSCT-incendie-h\u00f4pital-de-Manosque-p2.jpg\" alt=\"797. Info CHSCT incendie h\u00f4pital de Manosque p2\" width=\"611\" height=\"897\" class=\"aligncenter size-full wp-image-4933\" srcset=\"http:\/\/www.cgt-hopital-manosque.fr\/wp-content\/uploads\/2017\/04\/797.-Info-CHSCT-incendie-h\u00f4pital-de-Manosque-p2.jpg 611w, http:\/\/www.cgt-hopital-manosque.fr\/wp-content\/uploads\/2017\/04\/797.-Info-CHSCT-incendie-h\u00f4pital-de-Manosque-p2-204x300.jpg 204w\" sizes=\"(max-width: 611px) 100vw, 611px\" \/><\/a><\/p>\n<p><a href=\"http:\/\/www.cgt-hopital-manosque.fr\/wp-content\/uploads\/2017\/04\/797.-Info-CHSCT-incendie-h\u00f4pital-de-Manosque-p3.jpg\"><img loading=\"lazy\" decoding=\"async\" src=\"http:\/\/www.cgt-hopital-manosque.fr\/wp-content\/uploads\/2017\/04\/797.-Info-CHSCT-incendie-h\u00f4pital-de-Manosque-p3.jpg\" alt=\"797. Info CHSCT incendie h\u00f4pital de Manosque p3\" width=\"623\" height=\"897\" class=\"aligncenter size-full wp-image-4934\" srcset=\"http:\/\/www.cgt-hopital-manosque.fr\/wp-content\/uploads\/2017\/04\/797.-Info-CHSCT-incendie-h\u00f4pital-de-Manosque-p3.jpg 623w, http:\/\/www.cgt-hopital-manosque.fr\/wp-content\/uploads\/2017\/04\/797.-Info-CHSCT-incendie-h\u00f4pital-de-Manosque-p3-208x300.jpg 208w\" sizes=\"(max-width: 623px) 100vw, 623px\" \/><\/a><\/p>\n<p><a href=\"http:\/\/www.cgt-hopital-manosque.fr\/wp-content\/uploads\/2017\/04\/797.-Info-CHSCT-incendie-h\u00f4pital-de-Manosque-p4.jpg\"><img loading=\"lazy\" decoding=\"async\" src=\"http:\/\/www.cgt-hopital-manosque.fr\/wp-content\/uploads\/2017\/04\/797.-Info-CHSCT-incendie-h\u00f4pital-de-Manosque-p4.jpg\" alt=\"797. Info CHSCT incendie h\u00f4pital de Manosque p4\" width=\"631\" height=\"901\" class=\"aligncenter size-full wp-image-4935\" srcset=\"http:\/\/www.cgt-hopital-manosque.fr\/wp-content\/uploads\/2017\/04\/797.-Info-CHSCT-incendie-h\u00f4pital-de-Manosque-p4.jpg 631w, http:\/\/www.cgt-hopital-manosque.fr\/wp-content\/uploads\/2017\/04\/797.-Info-CHSCT-incendie-h\u00f4pital-de-Manosque-p4-210x300.jpg 210w\" sizes=\"(max-width: 631px) 100vw, 631px\" \/><\/a><\/p>\n","protected":false},"excerpt":{"rendered":"","protected":false},"author":1,"featured_media":0,"comment_status":"closed","ping_status":"closed","sticky":false,"template":"","format":"standard","meta":{"footnotes":""},"categories":[7],"tags":[],"views":1503,"_links":{"self":[{"href":"http:\/\/www.cgt-hopital-manosque.fr\/index.php?rest_route=\/wp\/v2\/posts\/4931"}],"collection":[{"href":"http:\/\/www.cgt-hopital-manosque.fr\/index.php?rest_route=\/wp\/v2\/posts"}],"about":[{"href":"http:\/\/www.cgt-hopital-manosque.fr\/index.php?rest_route=\/wp\/v2\/types\/post"}],"author":[{"embeddable":true,"href":"http:\/\/www.cgt-hopital-manosque.fr\/index.php?rest_route=\/wp\/v2\/users\/1"}],"replies":[{"embeddable":true,"href":"http:\/\/www.cgt-hopital-manosque.fr\/index.php?rest_route=%2Fwp%2Fv2%2Fcomments&post=4931"}],"version-history":[{"count":1,"href":"http:\/\/www.cgt-hopital-manosque.fr\/index.php?rest_route=\/wp\/v2\/posts\/4931\/revisions"}],"predecessor-version":[{"id":4936,"href":"http:\/\/www.cgt-hopital-manosque.fr\/index.php?rest_route=\/wp\/v2\/posts\/4931\/revisions\/4936"}],"wp:attachment":[{"href":"http:\/\/www.cgt-hopital-manosque.fr\/index.php?rest_route=%2Fwp%2Fv2%2Fmedia&parent=4931"}],"wp:term":[{"taxonomy":"category","embeddable":true,"href":"http:\/\/www.cgt-hopital-manosque.fr\/index.php?rest_route=%2Fwp%2Fv2%2Fcategories&post=4931"},{"taxonomy":"post_tag","embeddable":true,"href":"http:\/\/www.cgt-hopital-manosque.fr\/index.php?rest_route=%2Fwp%2Fv2%2Ftags&post=4931"}],"curies":[{"name":"wp","href":"https:\/\/api.w.org\/{rel}","templated":true}]}}