{"id":4946,"date":"2017-04-26T05:52:28","date_gmt":"2017-04-26T05:52:28","guid":{"rendered":"http:\/\/www.cgt-hopital-manosque.fr\/?p=4946"},"modified":"2017-04-26T05:53:45","modified_gmt":"2017-04-26T05:53:45","slug":"26-avril-2017-faire-barrage-a-lextreme-droite-et-lutter-pour-le-progres-social-et-la-democratie","status":"publish","type":"post","link":"http:\/\/www.cgt-hopital-manosque.fr\/?p=4946","title":{"rendered":"26 avril 2017 &#8211; Faire barrage \u00e0 l\u2019extr\u00eame droite et lutter pour le progr\u00e8s social et la d\u00e9mocratie"},"content":{"rendered":"<p><a href=\"http:\/\/www.cgt-hopital-manosque.fr\/wp-content\/uploads\/2017\/04\/800.-d\u00e9claration-CGT-\u00e9lections-pr\u00e9sidentielles.jpg\"><img loading=\"lazy\" decoding=\"async\" src=\"http:\/\/www.cgt-hopital-manosque.fr\/wp-content\/uploads\/2017\/04\/800.-d\u00e9claration-CGT-\u00e9lections-pr\u00e9sidentielles.jpg\" alt=\"800. d\u00e9claration CGT \u00e9lections pr\u00e9sidentielles\" width=\"240\" height=\"240\" class=\"aligncenter size-full wp-image-4947\" srcset=\"http:\/\/www.cgt-hopital-manosque.fr\/wp-content\/uploads\/2017\/04\/800.-d\u00e9claration-CGT-\u00e9lections-pr\u00e9sidentielles.jpg 240w, http:\/\/www.cgt-hopital-manosque.fr\/wp-content\/uploads\/2017\/04\/800.-d\u00e9claration-CGT-\u00e9lections-pr\u00e9sidentielles-150x150.jpg 150w\" sizes=\"(max-width: 240px) 100vw, 240px\" \/><\/a><\/p>\n<p style= \"text-align: justify;\"><strong>D\u00e9claration de la Commission ex\u00e9cutive conf\u00e9d\u00e9rale CGT<\/strong><\/p>\n<p style= \"text-align: justify;\">\u00ab\u00a0Les r\u00e9sultats du premier tour des \u00e9lections pr\u00e9sidentielles fran\u00e7aises confirment les risques pour la d\u00e9mocratie, les droits des salari\u00e9s et des citoyens. <\/p>\n<p style= \"text-align: justify;\">Ils sont les r\u00e9sultats des politiques lib\u00e9rales, des lois r\u00e9gressives, des remises en cause des droits, comme des renoncements des gouvernements successifs \u00e0 \u0153uvrer v\u00e9ritablement pour la justice sociale et la r\u00e9ponse aux besoins sociaux et environnementaux. Pour autant, depuis des mois, de nombreux salari\u00e9s et citoyens contestent ces choix, s\u2019opposent aux mauvais coups, tels la loi travail et la loi Macron et se mobilisent avec leurs organisations syndicales, notamment la CGT. <\/p>\n<p style= \"text-align: justify;\">Pour la deuxi\u00e8me fois dans le pays, sous la V\u00e8me R\u00e9publique, une candidature d\u2019extr\u00eame droite, repr\u00e9sent\u00e9e par le front national, sera pr\u00e9sente au second tour des \u00e9lections pr\u00e9sidentielles. <strong>C\u2019est un danger pour la d\u00e9mocratie, la coh\u00e9sion sociale et le monde du travail. <\/strong> Les gouvernements, qui depuis 2002 se sont succ\u00e9d\u00e9s sans jamais r\u00e9pondre aux aspirations l\u00e9gitimes \u00e0 plus de justice sociale, sans ouvrir de perspectives d\u2019avenir meilleur, en portent une lourde responsabilit\u00e9 ! <\/p>\n<p style= \"text-align: justify;\">La CGT ne se r\u00e9soudra jamais \u00e0 accepter un tel sc\u00e9nario. Elle affirme que les salari\u00e9s doivent, plus nombreux et plus fort, exprimer leurs attentes et leurs exigences revendicatives, faire grandir des mobilisations convergentes capables d\u2019imposer un rapport de force pour gagner de nouveaux droits. Seul le progr\u00e8s social favorise les solidarit\u00e9s, participe \u00e0 combattre l\u2019exclusion, les stigmatisations, les mises en concurrence. <\/p>\n<p style= \"text-align: justify;\">L\u2019utilisation des peurs, du terrorisme, les amalgames \u00e9hont\u00e9s entendus lors de la campagne, la x\u00e9nophobie, le racisme, le sexisme et l\u2019homophobie, la pr\u00e9f\u00e9rence nationale ne r\u00e9soudront pas les in\u00e9galit\u00e9s, le ch\u00f4mage et les bas salaires. <\/p>\n<p style= \"text-align: justify;\"> <strong>La CGT les combat et les combattra sans rel\u00e2che ! Elle n\u2019aura de cesse de faire barrage \u00e0 l\u2019extr\u00eame droite ! Pas une voix ne doit se porter sur sa candidate ! <\/strong><\/p>\n<p style= \"text-align: justify;\">L\u2019autoritarisme des gouvernements successifs, les engagements non tenus ou les reniements, le renoncement \u00e0 une Europe sociale, les d\u00e9nis de d\u00e9mocratie, l\u2019utilisation \u00e0 r\u00e9p\u00e9tition du 49.3 et les politiques men\u00e9es ont cultiv\u00e9 la d\u00e9sesp\u00e9rance et le fatalisme d\u2019une partie de la population. Cela est renforc\u00e9 par la casse de l\u2019industrie et des services publics, la mont\u00e9e du ch\u00f4mage et de la pr\u00e9carit\u00e9, l\u2019abandon des zones rurales et p\u00e9riurbaines. <\/p>\n<p style= \"text-align: justify;\">La CGT ne croit pas en l\u2019Homme providentiel et c\u2019est la raison pour laquelle, elle revendique une v\u00e9ritable d\u00e9mocratie et de v\u00e9ritables droits d\u2019expression et d\u2019intervention dans toutes les entreprises et les services. Elle propose des alternatives sociales comme, par exemple, l\u2019augmentation des salaires, des pensions et minima sociaux, les 32 heures pour travailler toutes et tous, travailler mieux et moins. <\/p>\n<p style= \"text-align: justify;\"> <strong>La CGT appelle l\u2019ensemble des salari\u00e9s et des organisations syndicales \u00e0 faire du 1er mai une journ\u00e9e de mobilisation, de lutte et d\u2019expression revendicative exceptionnelle, une journ\u00e9e de rassemblement pour les droits des travailleurs, le progr\u00e8s social, la libert\u00e9, l\u2019\u00e9galit\u00e9, la justice, la fraternit\u00e9, la paix, la d\u00e9mocratie et la solidarit\u00e9 internationale.\u00a0\u00bb <\/strong><\/p>\n<p style= \"text-align: justify;\">Montreuil, le 25 avril 2017<\/p>\n","protected":false},"excerpt":{"rendered":"<p>D\u00e9claration de la Commission ex\u00e9cutive conf\u00e9d\u00e9rale CGT \u00ab\u00a0Les r\u00e9sultats du premier tour des \u00e9lections pr\u00e9sidentielles fran\u00e7aises confirment les risques pour la d\u00e9mocratie, les droits des salari\u00e9s et des citoyens. Ils sont les r\u00e9sultats des politiques lib\u00e9rales, des lois r\u00e9gressives, des remises en cause des droits, comme des renoncements des gouvernements successifs \u00e0 \u0153uvrer v\u00e9ritablement pour [&hellip;]<\/p>\n","protected":false},"author":1,"featured_media":0,"comment_status":"closed","ping_status":"closed","sticky":false,"template":"","format":"standard","meta":{"footnotes":""},"categories":[8],"tags":[],"views":1556,"_links":{"self":[{"href":"http:\/\/www.cgt-hopital-manosque.fr\/index.php?rest_route=\/wp\/v2\/posts\/4946"}],"collection":[{"href":"http:\/\/www.cgt-hopital-manosque.fr\/index.php?rest_route=\/wp\/v2\/posts"}],"about":[{"href":"http:\/\/www.cgt-hopital-manosque.fr\/index.php?rest_route=\/wp\/v2\/types\/post"}],"author":[{"embeddable":true,"href":"http:\/\/www.cgt-hopital-manosque.fr\/index.php?rest_route=\/wp\/v2\/users\/1"}],"replies":[{"embeddable":true,"href":"http:\/\/www.cgt-hopital-manosque.fr\/index.php?rest_route=%2Fwp%2Fv2%2Fcomments&post=4946"}],"version-history":[{"count":3,"href":"http:\/\/www.cgt-hopital-manosque.fr\/index.php?rest_route=\/wp\/v2\/posts\/4946\/revisions"}],"predecessor-version":[{"id":4950,"href":"http:\/\/www.cgt-hopital-manosque.fr\/index.php?rest_route=\/wp\/v2\/posts\/4946\/revisions\/4950"}],"wp:attachment":[{"href":"http:\/\/www.cgt-hopital-manosque.fr\/index.php?rest_route=%2Fwp%2Fv2%2Fmedia&parent=4946"}],"wp:term":[{"taxonomy":"category","embeddable":true,"href":"http:\/\/www.cgt-hopital-manosque.fr\/index.php?rest_route=%2Fwp%2Fv2%2Fcategories&post=4946"},{"taxonomy":"post_tag","embeddable":true,"href":"http:\/\/www.cgt-hopital-manosque.fr\/index.php?rest_route=%2Fwp%2Fv2%2Ftags&post=4946"}],"curies":[{"name":"wp","href":"https:\/\/api.w.org\/{rel}","templated":true}]}}