{"id":4951,"date":"2017-04-28T17:35:10","date_gmt":"2017-04-28T17:35:10","guid":{"rendered":"http:\/\/www.cgt-hopital-manosque.fr\/?p=4951"},"modified":"2017-04-28T17:37:19","modified_gmt":"2017-04-28T17:37:19","slug":"28-avril-2017-rassemblements-du-1er-mai","status":"publish","type":"post","link":"http:\/\/www.cgt-hopital-manosque.fr\/?p=4951","title":{"rendered":"28 avril 2017 &#8211; Rassemblements du 1er mai"},"content":{"rendered":"<p><a href=\"http:\/\/www.cgt-hopital-manosque.fr\/wp-content\/uploads\/2017\/04\/801.-Rassemblement-CGT-1er-mai.jpg\"><img loading=\"lazy\" decoding=\"async\" src=\"http:\/\/www.cgt-hopital-manosque.fr\/wp-content\/uploads\/2017\/04\/801.-Rassemblement-CGT-1er-mai.jpg\" alt=\"801. Rassemblement CGT 1er mai\" width=\"406\" height=\"499\" class=\"aligncenter size-full wp-image-4952\" srcset=\"http:\/\/www.cgt-hopital-manosque.fr\/wp-content\/uploads\/2017\/04\/801.-Rassemblement-CGT-1er-mai.jpg 406w, http:\/\/www.cgt-hopital-manosque.fr\/wp-content\/uploads\/2017\/04\/801.-Rassemblement-CGT-1er-mai-244x300.jpg 244w\" sizes=\"(max-width: 406px) 100vw, 406px\" \/><\/a><\/p>\n<p style= \"text-align: justify;\">Bonjour \u00e0 tous, <\/p>\n<p>Compte tenu des r\u00e9sultats de ce 1er tour des \u00e9lections pr\u00e9sidentielles, la journ\u00e9e internationale des travailleurs qu\u2019est le 1er mai, et le devenir de nos acquis en mati\u00e8re de droit du travail n\u2019ont jamais \u00e9t\u00e9 autant en danger. <\/p>\n<p style= \"text-align: justify;\">Le 1er mai reste n\u00e9anmoins une f\u00eate et l\u2019occasion de se rencontrer. <\/p>\n<p style= \"text-align: justify;\"><strong>La CGT 04 vous invite \u00e0 participer :<br \/>\n&#8211;          A 9h30 : au rassemblement devant l\u2019Union Locale de Manosque (Place Marcel Pagnol)<br \/>\nUn petit d\u00e9jeuner convivial, ponctu\u00e9 de musique et de prises de paroles, sera offert aux camarades pr\u00e9sents.<br \/>\n&#8211;          A 11h00 : au rassemblement \u00e0 Saint Auban devant la st\u00e8le des victimes de l\u2019amiante <\/strong><\/p>\n<p style= \"text-align: justify;\">Nous comptons sur la pr\u00e9sence de chacun. <\/p>\n<p style= \"text-align: justify;\">Le Syndicat CGT de l\u2019h\u00f4pital de Manosque <\/p>\n","protected":false},"excerpt":{"rendered":"<p>Bonjour \u00e0 tous, Compte tenu des r\u00e9sultats de ce 1er tour des \u00e9lections pr\u00e9sidentielles, la journ\u00e9e internationale des travailleurs qu\u2019est le 1er mai, et le devenir de nos acquis en mati\u00e8re de droit du travail n\u2019ont jamais \u00e9t\u00e9 autant en danger. Le 1er mai reste n\u00e9anmoins une f\u00eate et l\u2019occasion de se rencontrer. La CGT [&hellip;]<\/p>\n","protected":false},"author":1,"featured_media":0,"comment_status":"closed","ping_status":"closed","sticky":false,"template":"","format":"standard","meta":{"footnotes":""},"categories":[7],"tags":[],"views":1750,"_links":{"self":[{"href":"http:\/\/www.cgt-hopital-manosque.fr\/index.php?rest_route=\/wp\/v2\/posts\/4951"}],"collection":[{"href":"http:\/\/www.cgt-hopital-manosque.fr\/index.php?rest_route=\/wp\/v2\/posts"}],"about":[{"href":"http:\/\/www.cgt-hopital-manosque.fr\/index.php?rest_route=\/wp\/v2\/types\/post"}],"author":[{"embeddable":true,"href":"http:\/\/www.cgt-hopital-manosque.fr\/index.php?rest_route=\/wp\/v2\/users\/1"}],"replies":[{"embeddable":true,"href":"http:\/\/www.cgt-hopital-manosque.fr\/index.php?rest_route=%2Fwp%2Fv2%2Fcomments&post=4951"}],"version-history":[{"count":2,"href":"http:\/\/www.cgt-hopital-manosque.fr\/index.php?rest_route=\/wp\/v2\/posts\/4951\/revisions"}],"predecessor-version":[{"id":4954,"href":"http:\/\/www.cgt-hopital-manosque.fr\/index.php?rest_route=\/wp\/v2\/posts\/4951\/revisions\/4954"}],"wp:attachment":[{"href":"http:\/\/www.cgt-hopital-manosque.fr\/index.php?rest_route=%2Fwp%2Fv2%2Fmedia&parent=4951"}],"wp:term":[{"taxonomy":"category","embeddable":true,"href":"http:\/\/www.cgt-hopital-manosque.fr\/index.php?rest_route=%2Fwp%2Fv2%2Fcategories&post=4951"},{"taxonomy":"post_tag","embeddable":true,"href":"http:\/\/www.cgt-hopital-manosque.fr\/index.php?rest_route=%2Fwp%2Fv2%2Ftags&post=4951"}],"curies":[{"name":"wp","href":"https:\/\/api.w.org\/{rel}","templated":true}]}}