{"id":4969,"date":"2017-05-05T17:39:38","date_gmt":"2017-05-05T17:39:38","guid":{"rendered":"http:\/\/www.cgt-hopital-manosque.fr\/?p=4969"},"modified":"2017-05-05T17:39:38","modified_gmt":"2017-05-05T17:39:38","slug":"5-mai-2017-tract-cgt-hopital-de-manosque-contractuels-stop-aux-abus-stop-a-la-precarite","status":"publish","type":"post","link":"http:\/\/www.cgt-hopital-manosque.fr\/?p=4969","title":{"rendered":"5 mai 2017 &#8211; Tract CGT h\u00f4pital de Manosque &#8211; Contractuels &#8211; Stop aux abus &#8211; Stop \u00e0 la pr\u00e9carit\u00e9"},"content":{"rendered":"<p><a href=\"http:\/\/www.cgt-hopital-manosque.fr\/wp-content\/uploads\/2017\/05\/804.-Tract-CGT-contractuels-h\u00f4pital.jpg\"><img loading=\"lazy\" decoding=\"async\" src=\"http:\/\/www.cgt-hopital-manosque.fr\/wp-content\/uploads\/2017\/05\/804.-Tract-CGT-contractuels-h\u00f4pital.jpg\" alt=\"804. Tract CGT contractuels h\u00f4pital\" width=\"621\" height=\"913\" class=\"aligncenter size-full wp-image-4970\" srcset=\"http:\/\/www.cgt-hopital-manosque.fr\/wp-content\/uploads\/2017\/05\/804.-Tract-CGT-contractuels-h\u00f4pital.jpg 621w, http:\/\/www.cgt-hopital-manosque.fr\/wp-content\/uploads\/2017\/05\/804.-Tract-CGT-contractuels-h\u00f4pital-204x300.jpg 204w\" sizes=\"(max-width: 621px) 100vw, 621px\" \/><\/a><\/p>\n","protected":false},"excerpt":{"rendered":"","protected":false},"author":1,"featured_media":0,"comment_status":"closed","ping_status":"closed","sticky":false,"template":"","format":"standard","meta":{"footnotes":""},"categories":[7],"tags":[],"views":1474,"_links":{"self":[{"href":"http:\/\/www.cgt-hopital-manosque.fr\/index.php?rest_route=\/wp\/v2\/posts\/4969"}],"collection":[{"href":"http:\/\/www.cgt-hopital-manosque.fr\/index.php?rest_route=\/wp\/v2\/posts"}],"about":[{"href":"http:\/\/www.cgt-hopital-manosque.fr\/index.php?rest_route=\/wp\/v2\/types\/post"}],"author":[{"embeddable":true,"href":"http:\/\/www.cgt-hopital-manosque.fr\/index.php?rest_route=\/wp\/v2\/users\/1"}],"replies":[{"embeddable":true,"href":"http:\/\/www.cgt-hopital-manosque.fr\/index.php?rest_route=%2Fwp%2Fv2%2Fcomments&post=4969"}],"version-history":[{"count":1,"href":"http:\/\/www.cgt-hopital-manosque.fr\/index.php?rest_route=\/wp\/v2\/posts\/4969\/revisions"}],"predecessor-version":[{"id":4971,"href":"http:\/\/www.cgt-hopital-manosque.fr\/index.php?rest_route=\/wp\/v2\/posts\/4969\/revisions\/4971"}],"wp:attachment":[{"href":"http:\/\/www.cgt-hopital-manosque.fr\/index.php?rest_route=%2Fwp%2Fv2%2Fmedia&parent=4969"}],"wp:term":[{"taxonomy":"category","embeddable":true,"href":"http:\/\/www.cgt-hopital-manosque.fr\/index.php?rest_route=%2Fwp%2Fv2%2Fcategories&post=4969"},{"taxonomy":"post_tag","embeddable":true,"href":"http:\/\/www.cgt-hopital-manosque.fr\/index.php?rest_route=%2Fwp%2Fv2%2Ftags&post=4969"}],"curies":[{"name":"wp","href":"https:\/\/api.w.org\/{rel}","templated":true}]}}