{"id":5019,"date":"2017-06-05T17:45:58","date_gmt":"2017-06-05T17:45:58","guid":{"rendered":"http:\/\/www.cgt-hopital-manosque.fr\/?p=5019"},"modified":"2017-06-05T17:46:56","modified_gmt":"2017-06-05T17:46:56","slug":"5-juin-2017-le-journal-de-lud-cgt-04-du-mois-de-mai-2017","status":"publish","type":"post","link":"http:\/\/www.cgt-hopital-manosque.fr\/?p=5019","title":{"rendered":"5 juin 2017 &#8211; Le journal de l&rsquo;UD CGT 04 du mois de mai 2017"},"content":{"rendered":"<p><a href=\"http:\/\/www.cgt-hopital-manosque.fr\/wp-content\/uploads\/2017\/06\/812.-Sommaire-Journal-UD-CGT-04-mai-2017.jpg\"><img loading=\"lazy\" decoding=\"async\" src=\"http:\/\/www.cgt-hopital-manosque.fr\/wp-content\/uploads\/2017\/06\/812.-Sommaire-Journal-UD-CGT-04-mai-2017.jpg\" alt=\"812. Sommaire Journal UD CGT 04 mai 2017\" width=\"631\" height=\"903\" class=\"aligncenter size-full wp-image-5021\" srcset=\"http:\/\/www.cgt-hopital-manosque.fr\/wp-content\/uploads\/2017\/06\/812.-Sommaire-Journal-UD-CGT-04-mai-2017.jpg 631w, http:\/\/www.cgt-hopital-manosque.fr\/wp-content\/uploads\/2017\/06\/812.-Sommaire-Journal-UD-CGT-04-mai-2017-210x300.jpg 210w\" sizes=\"(max-width: 631px) 100vw, 631px\" \/><\/a><\/p>\n<p style= \"text-align: justify;\"><strong><\/p>\n<p style= \"text-align: justify;\"><strong><br \/>\nSommaire : <\/p>\n<p style= \"text-align: justify;\">Page 1 : Edito de C\u00e9dric Volait <\/p>\n<p style= \"text-align: justify;\">Page 2 : Congr\u00e8s UFICT Mines Energie &#8211; Interview d&rsquo;Isabelle Michel <\/p>\n<p style= \"text-align: justify;\">Page 3 : Formation Niveau 1 &#8211; Interview de Medhi Jemiai <\/p>\n<p style= \"text-align: justify;\">Page 4 : Formation \u00ab\u00a0Sant\u00e9 priv\u00e9e et action sociale\u00a0\u00bb &#8211; Interview de St\u00e9phanie Chabert <\/p>\n<p style= \"text-align: justify;\">Page 5 : Journ\u00e9e d&rsquo;action du 8 juin pour le progr\u00e8s social <\/p>\n<p style= \"text-align: justify;\">Page 6 : Mouvement de gr\u00e8ve \u00e0 Conforama Manosque + Les libert\u00e9s syndicales mises \u00e0 mal \u00e0 Sanofi Sisteron <\/p>\n<p style= \"text-align: justify;\">Page 7 : Assembl\u00e9e G\u00e9n\u00e9rale \u00ab\u00a0La Populaire\u00a0\u00bb <\/p>\n<p style= \"text-align: justify;\"> Page 8 : Luttez en buvant du Th\u00e9 <\/p>\n<p style= \"text-align: justify;\">\n<p style= \"text-align: justify;\">\nPOUR CONSULTER LE JOURNAL COMPLET, <a href=\"http:\/\/www.cgt-hopital-manosque.fr\/wp-content\/uploads\/2017\/06\/812.-Journal-UD-CGT-04-mai-2017.pdf\">CLIQUER ICI<\/a><br \/>\n<\/strong><\/p>\n","protected":false},"excerpt":{"rendered":"<p>Sommaire : Page 1 : Edito de C\u00e9dric Volait Page 2 : Congr\u00e8s UFICT Mines Energie &#8211; Interview d&rsquo;Isabelle Michel Page 3 : Formation Niveau 1 &#8211; Interview de Medhi Jemiai Page 4 : Formation \u00ab\u00a0Sant\u00e9 priv\u00e9e et action sociale\u00a0\u00bb &#8211; Interview de St\u00e9phanie Chabert Page 5 : Journ\u00e9e d&rsquo;action du 8 juin pour le [&hellip;]<\/p>\n","protected":false},"author":1,"featured_media":0,"comment_status":"closed","ping_status":"closed","sticky":false,"template":"","format":"standard","meta":{"footnotes":""},"categories":[7],"tags":[],"views":1478,"_links":{"self":[{"href":"http:\/\/www.cgt-hopital-manosque.fr\/index.php?rest_route=\/wp\/v2\/posts\/5019"}],"collection":[{"href":"http:\/\/www.cgt-hopital-manosque.fr\/index.php?rest_route=\/wp\/v2\/posts"}],"about":[{"href":"http:\/\/www.cgt-hopital-manosque.fr\/index.php?rest_route=\/wp\/v2\/types\/post"}],"author":[{"embeddable":true,"href":"http:\/\/www.cgt-hopital-manosque.fr\/index.php?rest_route=\/wp\/v2\/users\/1"}],"replies":[{"embeddable":true,"href":"http:\/\/www.cgt-hopital-manosque.fr\/index.php?rest_route=%2Fwp%2Fv2%2Fcomments&post=5019"}],"version-history":[{"count":2,"href":"http:\/\/www.cgt-hopital-manosque.fr\/index.php?rest_route=\/wp\/v2\/posts\/5019\/revisions"}],"predecessor-version":[{"id":5024,"href":"http:\/\/www.cgt-hopital-manosque.fr\/index.php?rest_route=\/wp\/v2\/posts\/5019\/revisions\/5024"}],"wp:attachment":[{"href":"http:\/\/www.cgt-hopital-manosque.fr\/index.php?rest_route=%2Fwp%2Fv2%2Fmedia&parent=5019"}],"wp:term":[{"taxonomy":"category","embeddable":true,"href":"http:\/\/www.cgt-hopital-manosque.fr\/index.php?rest_route=%2Fwp%2Fv2%2Fcategories&post=5019"},{"taxonomy":"post_tag","embeddable":true,"href":"http:\/\/www.cgt-hopital-manosque.fr\/index.php?rest_route=%2Fwp%2Fv2%2Ftags&post=5019"}],"curies":[{"name":"wp","href":"https:\/\/api.w.org\/{rel}","templated":true}]}}