{"id":5049,"date":"2017-06-20T18:11:45","date_gmt":"2017-06-20T18:11:45","guid":{"rendered":"http:\/\/www.cgt-hopital-manosque.fr\/?p=5049"},"modified":"2017-06-20T18:11:45","modified_gmt":"2017-06-20T18:11:45","slug":"20-juin-2017-ratios-promus-promouvables-dans-la-fph-arrete-du-23-mai-2017-publie-le-19-juin-2017","status":"publish","type":"post","link":"http:\/\/www.cgt-hopital-manosque.fr\/?p=5049","title":{"rendered":"20 juin 2017 &#8211; Ratios promus promouvables dans la FPH &#8211; Arr\u00eat\u00e9 du 23 mai 2017 (publi\u00e9 le 19 juin 2017)"},"content":{"rendered":"<p><a href=\"http:\/\/www.cgt-hopital-manosque.fr\/wp-content\/uploads\/2017\/06\/817.-Taux-de-promotion-FPH-juin-2017-p1.jpg\"><img loading=\"lazy\" decoding=\"async\" src=\"http:\/\/www.cgt-hopital-manosque.fr\/wp-content\/uploads\/2017\/06\/817.-Taux-de-promotion-FPH-juin-2017-p1.jpg\" alt=\"817. Taux de promotion FPH juin 2017 (p1)\" width=\"587\" height=\"881\" class=\"aligncenter size-full wp-image-5050\" srcset=\"http:\/\/www.cgt-hopital-manosque.fr\/wp-content\/uploads\/2017\/06\/817.-Taux-de-promotion-FPH-juin-2017-p1.jpg 587w, http:\/\/www.cgt-hopital-manosque.fr\/wp-content\/uploads\/2017\/06\/817.-Taux-de-promotion-FPH-juin-2017-p1-200x300.jpg 200w\" sizes=\"(max-width: 587px) 100vw, 587px\" \/><\/a><\/p>\n<p><a href=\"http:\/\/www.cgt-hopital-manosque.fr\/wp-content\/uploads\/2017\/06\/817.-Taux-de-promotion-FPH-juin-2017-p2.jpg\"><img loading=\"lazy\" decoding=\"async\" src=\"http:\/\/www.cgt-hopital-manosque.fr\/wp-content\/uploads\/2017\/06\/817.-Taux-de-promotion-FPH-juin-2017-p2.jpg\" alt=\"817. Taux de promotion FPH juin 2017 (p2)\" width=\"585\" height=\"789\" class=\"aligncenter size-full wp-image-5051\" srcset=\"http:\/\/www.cgt-hopital-manosque.fr\/wp-content\/uploads\/2017\/06\/817.-Taux-de-promotion-FPH-juin-2017-p2.jpg 585w, http:\/\/www.cgt-hopital-manosque.fr\/wp-content\/uploads\/2017\/06\/817.-Taux-de-promotion-FPH-juin-2017-p2-222x300.jpg 222w\" sizes=\"(max-width: 585px) 100vw, 585px\" \/><\/a><\/p>\n<p><a href=\"http:\/\/www.cgt-hopital-manosque.fr\/wp-content\/uploads\/2017\/06\/817.-Taux-de-promotion-FPH-juin-2017-p3.jpg\"><img loading=\"lazy\" decoding=\"async\" src=\"http:\/\/www.cgt-hopital-manosque.fr\/wp-content\/uploads\/2017\/06\/817.-Taux-de-promotion-FPH-juin-2017-p3.jpg\" alt=\"817. Taux de promotion FPH juin 2017 (p3)\" width=\"569\" height=\"845\" class=\"aligncenter size-full wp-image-5052\" srcset=\"http:\/\/www.cgt-hopital-manosque.fr\/wp-content\/uploads\/2017\/06\/817.-Taux-de-promotion-FPH-juin-2017-p3.jpg 569w, http:\/\/www.cgt-hopital-manosque.fr\/wp-content\/uploads\/2017\/06\/817.-Taux-de-promotion-FPH-juin-2017-p3-202x300.jpg 202w\" sizes=\"(max-width: 569px) 100vw, 569px\" \/><\/a><\/p>\n<p><a href=\"http:\/\/www.cgt-hopital-manosque.fr\/wp-content\/uploads\/2017\/06\/817.-Taux-de-promotion-FPH-juin-2017-p4.jpg\"><img loading=\"lazy\" decoding=\"async\" src=\"http:\/\/www.cgt-hopital-manosque.fr\/wp-content\/uploads\/2017\/06\/817.-Taux-de-promotion-FPH-juin-2017-p4.jpg\" alt=\"817. Taux de promotion FPH juin 2017 (p4)\" width=\"565\" height=\"835\" class=\"aligncenter size-full wp-image-5053\" srcset=\"http:\/\/www.cgt-hopital-manosque.fr\/wp-content\/uploads\/2017\/06\/817.-Taux-de-promotion-FPH-juin-2017-p4.jpg 565w, http:\/\/www.cgt-hopital-manosque.fr\/wp-content\/uploads\/2017\/06\/817.-Taux-de-promotion-FPH-juin-2017-p4-203x300.jpg 203w\" sizes=\"(max-width: 565px) 100vw, 565px\" \/><\/a><\/p>\n<p><a href=\"http:\/\/www.cgt-hopital-manosque.fr\/wp-content\/uploads\/2017\/06\/817.-Taux-de-promotion-FPH-juin-2017-p5.jpg\"><img loading=\"lazy\" decoding=\"async\" src=\"http:\/\/www.cgt-hopital-manosque.fr\/wp-content\/uploads\/2017\/06\/817.-Taux-de-promotion-FPH-juin-2017-p5.jpg\" alt=\"817. Taux de promotion FPH juin 2017 (p5)\" width=\"561\" height=\"827\" class=\"aligncenter size-full wp-image-5054\" srcset=\"http:\/\/www.cgt-hopital-manosque.fr\/wp-content\/uploads\/2017\/06\/817.-Taux-de-promotion-FPH-juin-2017-p5.jpg 561w, http:\/\/www.cgt-hopital-manosque.fr\/wp-content\/uploads\/2017\/06\/817.-Taux-de-promotion-FPH-juin-2017-p5-204x300.jpg 204w\" sizes=\"(max-width: 561px) 100vw, 561px\" \/><\/a><\/p>\n<p><a href=\"http:\/\/www.cgt-hopital-manosque.fr\/wp-content\/uploads\/2017\/06\/817.-Taux-de-promotion-FPH-juin-2017-p6.jpg\"><img loading=\"lazy\" decoding=\"async\" src=\"http:\/\/www.cgt-hopital-manosque.fr\/wp-content\/uploads\/2017\/06\/817.-Taux-de-promotion-FPH-juin-2017-p6.jpg\" alt=\"817. Taux de promotion FPH juin 2017 (p6)\" width=\"565\" height=\"799\" class=\"aligncenter size-full wp-image-5055\" srcset=\"http:\/\/www.cgt-hopital-manosque.fr\/wp-content\/uploads\/2017\/06\/817.-Taux-de-promotion-FPH-juin-2017-p6.jpg 565w, http:\/\/www.cgt-hopital-manosque.fr\/wp-content\/uploads\/2017\/06\/817.-Taux-de-promotion-FPH-juin-2017-p6-212x300.jpg 212w\" sizes=\"(max-width: 565px) 100vw, 565px\" \/><\/a><\/p>\n<p><a href=\"http:\/\/www.cgt-hopital-manosque.fr\/wp-content\/uploads\/2017\/06\/817.-Taux-de-promotion-FPH-juin-2017-p7.jpg\"><img loading=\"lazy\" decoding=\"async\" src=\"http:\/\/www.cgt-hopital-manosque.fr\/wp-content\/uploads\/2017\/06\/817.-Taux-de-promotion-FPH-juin-2017-p7.jpg\" alt=\"817. Taux de promotion FPH juin 2017 (p7)\" width=\"577\" height=\"701\" class=\"aligncenter size-full wp-image-5056\" srcset=\"http:\/\/www.cgt-hopital-manosque.fr\/wp-content\/uploads\/2017\/06\/817.-Taux-de-promotion-FPH-juin-2017-p7.jpg 577w, http:\/\/www.cgt-hopital-manosque.fr\/wp-content\/uploads\/2017\/06\/817.-Taux-de-promotion-FPH-juin-2017-p7-247x300.jpg 247w\" sizes=\"(max-width: 577px) 100vw, 577px\" \/><\/a><\/p>\n","protected":false},"excerpt":{"rendered":"","protected":false},"author":1,"featured_media":0,"comment_status":"closed","ping_status":"closed","sticky":false,"template":"","format":"standard","meta":{"footnotes":""},"categories":[8],"tags":[],"views":1600,"_links":{"self":[{"href":"http:\/\/www.cgt-hopital-manosque.fr\/index.php?rest_route=\/wp\/v2\/posts\/5049"}],"collection":[{"href":"http:\/\/www.cgt-hopital-manosque.fr\/index.php?rest_route=\/wp\/v2\/posts"}],"about":[{"href":"http:\/\/www.cgt-hopital-manosque.fr\/index.php?rest_route=\/wp\/v2\/types\/post"}],"author":[{"embeddable":true,"href":"http:\/\/www.cgt-hopital-manosque.fr\/index.php?rest_route=\/wp\/v2\/users\/1"}],"replies":[{"embeddable":true,"href":"http:\/\/www.cgt-hopital-manosque.fr\/index.php?rest_route=%2Fwp%2Fv2%2Fcomments&post=5049"}],"version-history":[{"count":1,"href":"http:\/\/www.cgt-hopital-manosque.fr\/index.php?rest_route=\/wp\/v2\/posts\/5049\/revisions"}],"predecessor-version":[{"id":5057,"href":"http:\/\/www.cgt-hopital-manosque.fr\/index.php?rest_route=\/wp\/v2\/posts\/5049\/revisions\/5057"}],"wp:attachment":[{"href":"http:\/\/www.cgt-hopital-manosque.fr\/index.php?rest_route=%2Fwp%2Fv2%2Fmedia&parent=5049"}],"wp:term":[{"taxonomy":"category","embeddable":true,"href":"http:\/\/www.cgt-hopital-manosque.fr\/index.php?rest_route=%2Fwp%2Fv2%2Fcategories&post=5049"},{"taxonomy":"post_tag","embeddable":true,"href":"http:\/\/www.cgt-hopital-manosque.fr\/index.php?rest_route=%2Fwp%2Fv2%2Ftags&post=5049"}],"curies":[{"name":"wp","href":"https:\/\/api.w.org\/{rel}","templated":true}]}}