{"id":5084,"date":"2017-07-05T05:17:50","date_gmt":"2017-07-05T05:17:50","guid":{"rendered":"http:\/\/www.cgt-hopital-manosque.fr\/?p=5084"},"modified":"2017-07-05T05:19:55","modified_gmt":"2017-07-05T05:19:55","slug":"5-juillet-2017-le-journal-de-lud-cgt-04-du-mois-de-juin-2017","status":"publish","type":"post","link":"http:\/\/www.cgt-hopital-manosque.fr\/?p=5084","title":{"rendered":"5 juillet 2017 &#8211; Le journal de l&rsquo;UD CGT 04 du mois de juin 2017"},"content":{"rendered":"<p><a href=\"http:\/\/www.cgt-hopital-manosque.fr\/wp-content\/uploads\/2017\/07\/821.-Sommaire-journal-UD-CGT-04-juin-2017.jpg\"><img loading=\"lazy\" decoding=\"async\" src=\"http:\/\/www.cgt-hopital-manosque.fr\/wp-content\/uploads\/2017\/07\/821.-Sommaire-journal-UD-CGT-04-juin-2017.jpg\" alt=\"821. Sommaire journal UD CGT 04 juin 2017\" width=\"629\" height=\"903\" class=\"aligncenter size-full wp-image-5085\" srcset=\"http:\/\/www.cgt-hopital-manosque.fr\/wp-content\/uploads\/2017\/07\/821.-Sommaire-journal-UD-CGT-04-juin-2017.jpg 629w, http:\/\/www.cgt-hopital-manosque.fr\/wp-content\/uploads\/2017\/07\/821.-Sommaire-journal-UD-CGT-04-juin-2017-209x300.jpg 209w\" sizes=\"(max-width: 629px) 100vw, 629px\" \/><\/a><\/p>\n<p style= \"text-align: justify;\"><strong><\/p>\n<p style= \"text-align: justify;\"><strong><br \/>\nSommaire : <\/p>\n<p style= \"text-align: justify;\">Page 1 : Edito<\/p>\n<p style= \"text-align: justify;\">Page 2 : Les citoyens et la CGT mobilis\u00e9s pour la d\u00e9fense des bureaux de poste le 8 juin \u00e0 Digne <\/p>\n<p style= \"text-align: justify;\">Page 3 : suite de l&rsquo;action du 8 juin + un zoom sur des formations du 2\u00e8me semestre <\/p>\n<p style= \"text-align: justify;\">Page 4 : Macron \/ R\u00e9forme du code du travail <\/p>\n<p style= \"text-align: justify;\">Page 5 : Gr\u00e8ve au centre de r\u00e9\u00e9ducation de Turriers <\/p>\n<p style= \"text-align: justify;\">page 6 : Les employ\u00e9s de la boulangerie \u00ab\u00a0Marie Blach\u00e8re\u00a0\u00bb de Digne en gr\u00e8ve <\/p>\n<p style= \"text-align: justify;\">Page 7 : Non \u00e0 la fermeture de la perception de Volonne <\/p>\n<p style= \"text-align: justify;\">Page 8 : Gr\u00e8ve \u00e0 la blanchisserie de l&rsquo;h\u00f4pital de Digne <\/p>\n<p style= \"text-align: justify;\">\n<p style= \"text-align: justify;\">\nPOUR CONSULTER LE JOURNAL COMPLET, <a href=\"http:\/\/www.cgt-hopital-manosque.fr\/wp-content\/uploads\/2017\/07\/821.-Journal-UD-CGT-04-juin-2017.pdf\">CLIQUER ICI<\/a><br \/>\n<\/strong><\/p>\n","protected":false},"excerpt":{"rendered":"<p>Sommaire : Page 1 : Edito Page 2 : Les citoyens et la CGT mobilis\u00e9s pour la d\u00e9fense des bureaux de poste le 8 juin \u00e0 Digne Page 3 : suite de l&rsquo;action du 8 juin + un zoom sur des formations du 2\u00e8me semestre Page 4 : Macron \/ R\u00e9forme du code du travail [&hellip;]<\/p>\n","protected":false},"author":1,"featured_media":0,"comment_status":"closed","ping_status":"closed","sticky":false,"template":"","format":"standard","meta":{"footnotes":""},"categories":[7],"tags":[],"views":1579,"_links":{"self":[{"href":"http:\/\/www.cgt-hopital-manosque.fr\/index.php?rest_route=\/wp\/v2\/posts\/5084"}],"collection":[{"href":"http:\/\/www.cgt-hopital-manosque.fr\/index.php?rest_route=\/wp\/v2\/posts"}],"about":[{"href":"http:\/\/www.cgt-hopital-manosque.fr\/index.php?rest_route=\/wp\/v2\/types\/post"}],"author":[{"embeddable":true,"href":"http:\/\/www.cgt-hopital-manosque.fr\/index.php?rest_route=\/wp\/v2\/users\/1"}],"replies":[{"embeddable":true,"href":"http:\/\/www.cgt-hopital-manosque.fr\/index.php?rest_route=%2Fwp%2Fv2%2Fcomments&post=5084"}],"version-history":[{"count":2,"href":"http:\/\/www.cgt-hopital-manosque.fr\/index.php?rest_route=\/wp\/v2\/posts\/5084\/revisions"}],"predecessor-version":[{"id":5088,"href":"http:\/\/www.cgt-hopital-manosque.fr\/index.php?rest_route=\/wp\/v2\/posts\/5084\/revisions\/5088"}],"wp:attachment":[{"href":"http:\/\/www.cgt-hopital-manosque.fr\/index.php?rest_route=%2Fwp%2Fv2%2Fmedia&parent=5084"}],"wp:term":[{"taxonomy":"category","embeddable":true,"href":"http:\/\/www.cgt-hopital-manosque.fr\/index.php?rest_route=%2Fwp%2Fv2%2Fcategories&post=5084"},{"taxonomy":"post_tag","embeddable":true,"href":"http:\/\/www.cgt-hopital-manosque.fr\/index.php?rest_route=%2Fwp%2Fv2%2Ftags&post=5084"}],"curies":[{"name":"wp","href":"https:\/\/api.w.org\/{rel}","templated":true}]}}