{"id":5094,"date":"2017-07-15T20:47:21","date_gmt":"2017-07-15T20:47:21","guid":{"rendered":"http:\/\/www.cgt-hopital-manosque.fr\/?p=5094"},"modified":"2017-07-15T20:52:28","modified_gmt":"2017-07-15T20:52:28","slug":"15-juillet-2017-bonjour-etant-dans-la-categorie-active-je-viens-datteindre-ma-limite-dage-a-la-retraite-dans-quelle-mesure-puis-je-prolonger","status":"publish","type":"post","link":"http:\/\/www.cgt-hopital-manosque.fr\/?p=5094","title":{"rendered":"15 juillet 2017 &#8211; Bonjour, \u00e9tant dans la cat\u00e9gorie active, je viens d&rsquo;atteindre ma limite d&rsquo;\u00e2ge \u00e0 la retraite, dans quelle mesure puis-je prolonger ?"},"content":{"rendered":"<p style= \"text-align: justify;\"><strong>Bonjour, ci-joint une question de Christian Estrosi \u00e0 l&rsquo;Assembl\u00e9e nationale et la r\u00e9ponse de la ministre de la fonction publique sur cette th\u00e9matique : <\/strong><\/p>\n<p><a href=\"http:\/\/www.cgt-hopital-manosque.fr\/wp-content\/uploads\/2017\/07\/823.-Question-retraite-FPH-p1.jpg\"><img loading=\"lazy\" decoding=\"async\" src=\"http:\/\/www.cgt-hopital-manosque.fr\/wp-content\/uploads\/2017\/07\/823.-Question-retraite-FPH-p1.jpg\" alt=\"823. Question retraite FPH p1\" width=\"785\" height=\"913\" class=\"aligncenter size-full wp-image-5095\" srcset=\"http:\/\/www.cgt-hopital-manosque.fr\/wp-content\/uploads\/2017\/07\/823.-Question-retraite-FPH-p1.jpg 785w, http:\/\/www.cgt-hopital-manosque.fr\/wp-content\/uploads\/2017\/07\/823.-Question-retraite-FPH-p1-258x300.jpg 258w\" sizes=\"(max-width: 785px) 100vw, 785px\" \/><\/a><\/p>\n<p><a href=\"http:\/\/www.cgt-hopital-manosque.fr\/wp-content\/uploads\/2017\/07\/823.-Question-retraite-FPH-p2.jpg\"><img loading=\"lazy\" decoding=\"async\" src=\"http:\/\/www.cgt-hopital-manosque.fr\/wp-content\/uploads\/2017\/07\/823.-Question-retraite-FPH-p2.jpg\" alt=\"823. Question retraite FPH p2\" width=\"774\" height=\"614\" class=\"aligncenter size-full wp-image-5096\" srcset=\"http:\/\/www.cgt-hopital-manosque.fr\/wp-content\/uploads\/2017\/07\/823.-Question-retraite-FPH-p2.jpg 774w, http:\/\/www.cgt-hopital-manosque.fr\/wp-content\/uploads\/2017\/07\/823.-Question-retraite-FPH-p2-300x238.jpg 300w\" sizes=\"(max-width: 774px) 100vw, 774px\" \/><\/a><\/p>\n<p style= \"text-align: justify;\"><strong><br \/>\nPOUR CONSULTER LE DOCUMENT COMPLET, <a href=\"http:\/\/www.cgt-hopital-manosque.fr\/wp-content\/uploads\/2017\/07\/823.-Question-retraite-FPH.pdf\">CLIQUER ICI<\/a><br \/>\n<\/strong><\/p>\n","protected":false},"excerpt":{"rendered":"<p>Bonjour, ci-joint une question de Christian Estrosi \u00e0 l&rsquo;Assembl\u00e9e nationale et la r\u00e9ponse de la ministre de la fonction publique sur cette th\u00e9matique : POUR CONSULTER LE DOCUMENT COMPLET, CLIQUER ICI<\/p>\n","protected":false},"author":1,"featured_media":0,"comment_status":"closed","ping_status":"closed","sticky":false,"template":"","format":"standard","meta":{"footnotes":""},"categories":[5],"tags":[],"views":1437,"_links":{"self":[{"href":"http:\/\/www.cgt-hopital-manosque.fr\/index.php?rest_route=\/wp\/v2\/posts\/5094"}],"collection":[{"href":"http:\/\/www.cgt-hopital-manosque.fr\/index.php?rest_route=\/wp\/v2\/posts"}],"about":[{"href":"http:\/\/www.cgt-hopital-manosque.fr\/index.php?rest_route=\/wp\/v2\/types\/post"}],"author":[{"embeddable":true,"href":"http:\/\/www.cgt-hopital-manosque.fr\/index.php?rest_route=\/wp\/v2\/users\/1"}],"replies":[{"embeddable":true,"href":"http:\/\/www.cgt-hopital-manosque.fr\/index.php?rest_route=%2Fwp%2Fv2%2Fcomments&post=5094"}],"version-history":[{"count":4,"href":"http:\/\/www.cgt-hopital-manosque.fr\/index.php?rest_route=\/wp\/v2\/posts\/5094\/revisions"}],"predecessor-version":[{"id":5101,"href":"http:\/\/www.cgt-hopital-manosque.fr\/index.php?rest_route=\/wp\/v2\/posts\/5094\/revisions\/5101"}],"wp:attachment":[{"href":"http:\/\/www.cgt-hopital-manosque.fr\/index.php?rest_route=%2Fwp%2Fv2%2Fmedia&parent=5094"}],"wp:term":[{"taxonomy":"category","embeddable":true,"href":"http:\/\/www.cgt-hopital-manosque.fr\/index.php?rest_route=%2Fwp%2Fv2%2Fcategories&post=5094"},{"taxonomy":"post_tag","embeddable":true,"href":"http:\/\/www.cgt-hopital-manosque.fr\/index.php?rest_route=%2Fwp%2Fv2%2Ftags&post=5094"}],"curies":[{"name":"wp","href":"https:\/\/api.w.org\/{rel}","templated":true}]}}