{"id":5103,"date":"2017-07-26T18:19:45","date_gmt":"2017-07-26T18:19:45","guid":{"rendered":"http:\/\/www.cgt-hopital-manosque.fr\/?p=5103"},"modified":"2017-07-26T18:19:45","modified_gmt":"2017-07-26T18:19:45","slug":"25-juillet-2017-ratios-promus-promouvables-dans-la-fph-arrete-du-18-juillet-2017-publie-le-21-juillet-2017","status":"publish","type":"post","link":"http:\/\/www.cgt-hopital-manosque.fr\/?p=5103","title":{"rendered":"25 juillet 2017 &#8211; Ratios promus promouvables dans la FPH &#8211; Arr\u00eat\u00e9 du 18 juillet 2017 (publi\u00e9 le 21 juillet 2017)"},"content":{"rendered":"<p><a href=\"http:\/\/www.cgt-hopital-manosque.fr\/wp-content\/uploads\/2017\/07\/824.-Taux-de-promotion-FPH-juillet-2017-1.jpg\"><img loading=\"lazy\" decoding=\"async\" src=\"http:\/\/www.cgt-hopital-manosque.fr\/wp-content\/uploads\/2017\/07\/824.-Taux-de-promotion-FPH-juillet-2017-1.jpg\" alt=\"824. Taux de promotion FPH juillet 2017 (1)\" width=\"657\" height=\"855\" class=\"aligncenter size-full wp-image-5104\" srcset=\"http:\/\/www.cgt-hopital-manosque.fr\/wp-content\/uploads\/2017\/07\/824.-Taux-de-promotion-FPH-juillet-2017-1.jpg 657w, http:\/\/www.cgt-hopital-manosque.fr\/wp-content\/uploads\/2017\/07\/824.-Taux-de-promotion-FPH-juillet-2017-1-231x300.jpg 231w\" sizes=\"(max-width: 657px) 100vw, 657px\" \/><\/a><\/p>\n<p><a href=\"http:\/\/www.cgt-hopital-manosque.fr\/wp-content\/uploads\/2017\/07\/824.-Taux-de-promotion-FPH-juillet-2017-2.jpg\"><img loading=\"lazy\" decoding=\"async\" src=\"http:\/\/www.cgt-hopital-manosque.fr\/wp-content\/uploads\/2017\/07\/824.-Taux-de-promotion-FPH-juillet-2017-2.jpg\" alt=\"824. Taux de promotion FPH juillet 2017 (2)\" width=\"623\" height=\"889\" class=\"aligncenter size-full wp-image-5105\" srcset=\"http:\/\/www.cgt-hopital-manosque.fr\/wp-content\/uploads\/2017\/07\/824.-Taux-de-promotion-FPH-juillet-2017-2.jpg 623w, http:\/\/www.cgt-hopital-manosque.fr\/wp-content\/uploads\/2017\/07\/824.-Taux-de-promotion-FPH-juillet-2017-2-210x300.jpg 210w\" sizes=\"(max-width: 623px) 100vw, 623px\" \/><\/a><\/p>\n<p><a href=\"http:\/\/www.cgt-hopital-manosque.fr\/wp-content\/uploads\/2017\/07\/824.-Taux-de-promotion-FPH-juillet-2017-3.jpg\"><img loading=\"lazy\" decoding=\"async\" src=\"http:\/\/www.cgt-hopital-manosque.fr\/wp-content\/uploads\/2017\/07\/824.-Taux-de-promotion-FPH-juillet-2017-3.jpg\" alt=\"824. Taux de promotion FPH juillet 2017 (3)\" width=\"619\" height=\"871\" class=\"aligncenter size-full wp-image-5106\" srcset=\"http:\/\/www.cgt-hopital-manosque.fr\/wp-content\/uploads\/2017\/07\/824.-Taux-de-promotion-FPH-juillet-2017-3.jpg 619w, http:\/\/www.cgt-hopital-manosque.fr\/wp-content\/uploads\/2017\/07\/824.-Taux-de-promotion-FPH-juillet-2017-3-213x300.jpg 213w\" sizes=\"(max-width: 619px) 100vw, 619px\" \/><\/a><\/p>\n<p><a href=\"http:\/\/www.cgt-hopital-manosque.fr\/wp-content\/uploads\/2017\/07\/824.-Taux-de-promotion-FPH-juillet-2017-4.jpg\"><img loading=\"lazy\" decoding=\"async\" src=\"http:\/\/www.cgt-hopital-manosque.fr\/wp-content\/uploads\/2017\/07\/824.-Taux-de-promotion-FPH-juillet-2017-4.jpg\" alt=\"824. Taux de promotion FPH juillet 2017 (4)\" width=\"625\" height=\"893\" class=\"aligncenter size-full wp-image-5107\" srcset=\"http:\/\/www.cgt-hopital-manosque.fr\/wp-content\/uploads\/2017\/07\/824.-Taux-de-promotion-FPH-juillet-2017-4.jpg 625w, http:\/\/www.cgt-hopital-manosque.fr\/wp-content\/uploads\/2017\/07\/824.-Taux-de-promotion-FPH-juillet-2017-4-210x300.jpg 210w\" sizes=\"(max-width: 625px) 100vw, 625px\" \/><\/a><\/p>\n<p><a href=\"http:\/\/www.cgt-hopital-manosque.fr\/wp-content\/uploads\/2017\/07\/824.-Taux-de-promotion-FPH-juillet-2017-5.jpg\"><img loading=\"lazy\" decoding=\"async\" src=\"http:\/\/www.cgt-hopital-manosque.fr\/wp-content\/uploads\/2017\/07\/824.-Taux-de-promotion-FPH-juillet-2017-5.jpg\" alt=\"824. Taux de promotion FPH juillet 2017 (5)\" width=\"613\" height=\"901\" class=\"aligncenter size-full wp-image-5108\" srcset=\"http:\/\/www.cgt-hopital-manosque.fr\/wp-content\/uploads\/2017\/07\/824.-Taux-de-promotion-FPH-juillet-2017-5.jpg 613w, http:\/\/www.cgt-hopital-manosque.fr\/wp-content\/uploads\/2017\/07\/824.-Taux-de-promotion-FPH-juillet-2017-5-204x300.jpg 204w\" sizes=\"(max-width: 613px) 100vw, 613px\" \/><\/a><\/p>\n<p><a href=\"http:\/\/www.cgt-hopital-manosque.fr\/wp-content\/uploads\/2017\/07\/824.-Taux-de-promotion-FPH-juillet-2017-6.jpg\"><img loading=\"lazy\" decoding=\"async\" src=\"http:\/\/www.cgt-hopital-manosque.fr\/wp-content\/uploads\/2017\/07\/824.-Taux-de-promotion-FPH-juillet-2017-6.jpg\" alt=\"824. Taux de promotion FPH juillet 2017 (6)\" width=\"621\" height=\"871\" class=\"aligncenter size-full wp-image-5109\" srcset=\"http:\/\/www.cgt-hopital-manosque.fr\/wp-content\/uploads\/2017\/07\/824.-Taux-de-promotion-FPH-juillet-2017-6.jpg 621w, http:\/\/www.cgt-hopital-manosque.fr\/wp-content\/uploads\/2017\/07\/824.-Taux-de-promotion-FPH-juillet-2017-6-214x300.jpg 214w\" sizes=\"(max-width: 621px) 100vw, 621px\" \/><\/a><\/p>\n<p><a href=\"http:\/\/www.cgt-hopital-manosque.fr\/wp-content\/uploads\/2017\/07\/824.-Taux-de-promotion-FPH-juillet-2017-7.jpg\"><img loading=\"lazy\" decoding=\"async\" src=\"http:\/\/www.cgt-hopital-manosque.fr\/wp-content\/uploads\/2017\/07\/824.-Taux-de-promotion-FPH-juillet-2017-7.jpg\" alt=\"824. Taux de promotion FPH juillet 2017 (7)\" width=\"649\" height=\"851\" class=\"aligncenter size-full wp-image-5110\" srcset=\"http:\/\/www.cgt-hopital-manosque.fr\/wp-content\/uploads\/2017\/07\/824.-Taux-de-promotion-FPH-juillet-2017-7.jpg 649w, http:\/\/www.cgt-hopital-manosque.fr\/wp-content\/uploads\/2017\/07\/824.-Taux-de-promotion-FPH-juillet-2017-7-229x300.jpg 229w\" sizes=\"(max-width: 649px) 100vw, 649px\" \/><\/a><\/p>\n","protected":false},"excerpt":{"rendered":"","protected":false},"author":1,"featured_media":0,"comment_status":"closed","ping_status":"closed","sticky":false,"template":"","format":"standard","meta":{"footnotes":""},"categories":[8],"tags":[],"views":1634,"_links":{"self":[{"href":"http:\/\/www.cgt-hopital-manosque.fr\/index.php?rest_route=\/wp\/v2\/posts\/5103"}],"collection":[{"href":"http:\/\/www.cgt-hopital-manosque.fr\/index.php?rest_route=\/wp\/v2\/posts"}],"about":[{"href":"http:\/\/www.cgt-hopital-manosque.fr\/index.php?rest_route=\/wp\/v2\/types\/post"}],"author":[{"embeddable":true,"href":"http:\/\/www.cgt-hopital-manosque.fr\/index.php?rest_route=\/wp\/v2\/users\/1"}],"replies":[{"embeddable":true,"href":"http:\/\/www.cgt-hopital-manosque.fr\/index.php?rest_route=%2Fwp%2Fv2%2Fcomments&post=5103"}],"version-history":[{"count":1,"href":"http:\/\/www.cgt-hopital-manosque.fr\/index.php?rest_route=\/wp\/v2\/posts\/5103\/revisions"}],"predecessor-version":[{"id":5111,"href":"http:\/\/www.cgt-hopital-manosque.fr\/index.php?rest_route=\/wp\/v2\/posts\/5103\/revisions\/5111"}],"wp:attachment":[{"href":"http:\/\/www.cgt-hopital-manosque.fr\/index.php?rest_route=%2Fwp%2Fv2%2Fmedia&parent=5103"}],"wp:term":[{"taxonomy":"category","embeddable":true,"href":"http:\/\/www.cgt-hopital-manosque.fr\/index.php?rest_route=%2Fwp%2Fv2%2Fcategories&post=5103"},{"taxonomy":"post_tag","embeddable":true,"href":"http:\/\/www.cgt-hopital-manosque.fr\/index.php?rest_route=%2Fwp%2Fv2%2Ftags&post=5103"}],"curies":[{"name":"wp","href":"https:\/\/api.w.org\/{rel}","templated":true}]}}