{"id":5112,"date":"2017-07-26T18:27:05","date_gmt":"2017-07-26T18:27:05","guid":{"rendered":"http:\/\/www.cgt-hopital-manosque.fr\/?p=5112"},"modified":"2017-07-26T18:27:05","modified_gmt":"2017-07-26T18:27:05","slug":"26-juillet-2017-analyse-tres-interessante-de-philippe-davezies-sur-les-rps-et-le-pouvoir-dagir-des-salaries","status":"publish","type":"post","link":"http:\/\/www.cgt-hopital-manosque.fr\/?p=5112","title":{"rendered":"26 juillet 2017 &#8211; Analyse tr\u00e8s int\u00e9ressante de Philippe Davezies sur les RPS et le pouvoir d&rsquo;agir des salari\u00e9s"},"content":{"rendered":"<p><a href=\"http:\/\/www.cgt-hopital-manosque.fr\/wp-content\/uploads\/2017\/07\/825.-Analyse-de-Philippe-Davezies-sur-les-RPS.jpg\"><img loading=\"lazy\" decoding=\"async\" src=\"http:\/\/www.cgt-hopital-manosque.fr\/wp-content\/uploads\/2017\/07\/825.-Analyse-de-Philippe-Davezies-sur-les-RPS.jpg\" alt=\"825. Analyse de Philippe Davezies sur les RPS\" width=\"866\" height=\"494\" class=\"aligncenter size-full wp-image-5113\" srcset=\"http:\/\/www.cgt-hopital-manosque.fr\/wp-content\/uploads\/2017\/07\/825.-Analyse-de-Philippe-Davezies-sur-les-RPS.jpg 866w, http:\/\/www.cgt-hopital-manosque.fr\/wp-content\/uploads\/2017\/07\/825.-Analyse-de-Philippe-Davezies-sur-les-RPS-300x171.jpg 300w\" sizes=\"(max-width: 866px) 100vw, 866px\" \/><\/a><\/p>\n<p style= \"text-align: justify;\">A l&rsquo;heure o\u00f9 on essaie de culpabiliser les travailleurs (ils seraient fragiles psychologiquement, ils auraient des probl\u00e8mes familiaux qui leur apportent du stress au travail&#8230;) il est int\u00e9ressant de prendre quelques minutes pour \u00e9couter un chercheur renomm\u00e9 en sant\u00e9, Philippe DAVEZIES, qui nous parle du travail et du stress aujourd&rsquo;hui. <\/p>\n<p style= \"text-align: justify;\">Il est important que les travailleurs puissent s&rsquo;exprimer, puissent agir sur leur travail malgr\u00e9 l&rsquo;environnement de contraintes. <\/p>\n<p style= \"text-align: justify;\"><strong> Pour regarder la vid\u00e9o, <a href=\"https:\/\/www.youtube.com\/watch?v=stTp6S4gVkk\"target=\"_blank\">CLIQUER ICI<\/a><\/strong><\/p>\n<p><\/strong><\/p>\n","protected":false},"excerpt":{"rendered":"<p>A l&rsquo;heure o\u00f9 on essaie de culpabiliser les travailleurs (ils seraient fragiles psychologiquement, ils auraient des probl\u00e8mes familiaux qui leur apportent du stress au travail&#8230;) il est int\u00e9ressant de prendre quelques minutes pour \u00e9couter un chercheur renomm\u00e9 en sant\u00e9, Philippe DAVEZIES, qui nous parle du travail et du stress aujourd&rsquo;hui. Il est important que les [&hellip;]<\/p>\n","protected":false},"author":1,"featured_media":0,"comment_status":"closed","ping_status":"closed","sticky":false,"template":"","format":"standard","meta":{"footnotes":""},"categories":[1],"tags":[],"views":1534,"_links":{"self":[{"href":"http:\/\/www.cgt-hopital-manosque.fr\/index.php?rest_route=\/wp\/v2\/posts\/5112"}],"collection":[{"href":"http:\/\/www.cgt-hopital-manosque.fr\/index.php?rest_route=\/wp\/v2\/posts"}],"about":[{"href":"http:\/\/www.cgt-hopital-manosque.fr\/index.php?rest_route=\/wp\/v2\/types\/post"}],"author":[{"embeddable":true,"href":"http:\/\/www.cgt-hopital-manosque.fr\/index.php?rest_route=\/wp\/v2\/users\/1"}],"replies":[{"embeddable":true,"href":"http:\/\/www.cgt-hopital-manosque.fr\/index.php?rest_route=%2Fwp%2Fv2%2Fcomments&post=5112"}],"version-history":[{"count":1,"href":"http:\/\/www.cgt-hopital-manosque.fr\/index.php?rest_route=\/wp\/v2\/posts\/5112\/revisions"}],"predecessor-version":[{"id":5114,"href":"http:\/\/www.cgt-hopital-manosque.fr\/index.php?rest_route=\/wp\/v2\/posts\/5112\/revisions\/5114"}],"wp:attachment":[{"href":"http:\/\/www.cgt-hopital-manosque.fr\/index.php?rest_route=%2Fwp%2Fv2%2Fmedia&parent=5112"}],"wp:term":[{"taxonomy":"category","embeddable":true,"href":"http:\/\/www.cgt-hopital-manosque.fr\/index.php?rest_route=%2Fwp%2Fv2%2Fcategories&post=5112"},{"taxonomy":"post_tag","embeddable":true,"href":"http:\/\/www.cgt-hopital-manosque.fr\/index.php?rest_route=%2Fwp%2Fv2%2Ftags&post=5112"}],"curies":[{"name":"wp","href":"https:\/\/api.w.org\/{rel}","templated":true}]}}