{"id":5122,"date":"2017-07-31T18:09:51","date_gmt":"2017-07-31T18:09:51","guid":{"rendered":"http:\/\/www.cgt-hopital-manosque.fr\/?p=5122"},"modified":"2017-09-07T18:32:37","modified_gmt":"2017-09-07T18:32:37","slug":"29-juillet-2017-greve-a-lhopital-de-seyne-les-alpes","status":"publish","type":"post","link":"http:\/\/www.cgt-hopital-manosque.fr\/?p=5122","title":{"rendered":"29 juillet 2017 &#8211; Gr\u00e8ve \u00e0 l&rsquo;h\u00f4pital de Seyne les Alpes : le tract des personnels et de la CGT"},"content":{"rendered":"<p style= \"text-align: justify;\"><strong><br \/>\nLa situation des EPS et EHPAD du d\u00e9partement est catastrophique tant en termes de manque de personnels que de management qui se durcit. Les Coll\u00e8gues de Seyne les Alpes montrent la voix \u00e0 suivre. Aujourd&rsquo;hui, il est temps de briser le silence et de r\u00e9clamer des conditions de travail digne du 21\u00e8me si\u00e8cle.<br \/>\n<\/strong>\n<\/p>\n<p><a href=\"http:\/\/www.cgt-hopital-manosque.fr\/wp-content\/uploads\/2017\/07\/828.-Tract-gr\u00e8ve-h\u00f4pital-Seyne-les-Alpes.jpg\"><img loading=\"lazy\" decoding=\"async\" src=\"http:\/\/www.cgt-hopital-manosque.fr\/wp-content\/uploads\/2017\/07\/828.-Tract-gr\u00e8ve-h\u00f4pital-Seyne-les-Alpes.jpg\" alt=\"828. Tract gr\u00e8ve h\u00f4pital Seyne les Alpes\" width=\"605\" height=\"911\" class=\"aligncenter size-full wp-image-5123\" srcset=\"http:\/\/www.cgt-hopital-manosque.fr\/wp-content\/uploads\/2017\/07\/828.-Tract-gr\u00e8ve-h\u00f4pital-Seyne-les-Alpes.jpg 605w, http:\/\/www.cgt-hopital-manosque.fr\/wp-content\/uploads\/2017\/07\/828.-Tract-gr\u00e8ve-h\u00f4pital-Seyne-les-Alpes-199x300.jpg 199w\" sizes=\"(max-width: 605px) 100vw, 605px\" \/><\/a><\/p>\n<p style= \"text-align: justify;\"><strong> POUR CONSULTER NOTRE DOSSIER COMPLET SUR LES EHPAD \/ EPS \/ MAISONS DE RETRAITE DU DEPARTEMENT (AVEC LES DIFFERENTS ARTICLES ET TRACTS), <a href=\"http:\/\/www.cgt-hopital-manosque.fr\/?p=5208\" target=\"_blank\">CLIQUER ICI<\/a><\/strong><\/p>\n","protected":false},"excerpt":{"rendered":"<p>La situation des EPS et EHPAD du d\u00e9partement est catastrophique tant en termes de manque de personnels que de management qui se durcit. Les Coll\u00e8gues de Seyne les Alpes montrent la voix \u00e0 suivre. Aujourd&rsquo;hui, il est temps de briser le silence et de r\u00e9clamer des conditions de travail digne du 21\u00e8me si\u00e8cle. POUR CONSULTER [&hellip;]<\/p>\n","protected":false},"author":1,"featured_media":0,"comment_status":"closed","ping_status":"closed","sticky":false,"template":"","format":"standard","meta":{"footnotes":""},"categories":[8],"tags":[],"views":2948,"_links":{"self":[{"href":"http:\/\/www.cgt-hopital-manosque.fr\/index.php?rest_route=\/wp\/v2\/posts\/5122"}],"collection":[{"href":"http:\/\/www.cgt-hopital-manosque.fr\/index.php?rest_route=\/wp\/v2\/posts"}],"about":[{"href":"http:\/\/www.cgt-hopital-manosque.fr\/index.php?rest_route=\/wp\/v2\/types\/post"}],"author":[{"embeddable":true,"href":"http:\/\/www.cgt-hopital-manosque.fr\/index.php?rest_route=\/wp\/v2\/users\/1"}],"replies":[{"embeddable":true,"href":"http:\/\/www.cgt-hopital-manosque.fr\/index.php?rest_route=%2Fwp%2Fv2%2Fcomments&post=5122"}],"version-history":[{"count":5,"href":"http:\/\/www.cgt-hopital-manosque.fr\/index.php?rest_route=\/wp\/v2\/posts\/5122\/revisions"}],"predecessor-version":[{"id":5229,"href":"http:\/\/www.cgt-hopital-manosque.fr\/index.php?rest_route=\/wp\/v2\/posts\/5122\/revisions\/5229"}],"wp:attachment":[{"href":"http:\/\/www.cgt-hopital-manosque.fr\/index.php?rest_route=%2Fwp%2Fv2%2Fmedia&parent=5122"}],"wp:term":[{"taxonomy":"category","embeddable":true,"href":"http:\/\/www.cgt-hopital-manosque.fr\/index.php?rest_route=%2Fwp%2Fv2%2Fcategories&post=5122"},{"taxonomy":"post_tag","embeddable":true,"href":"http:\/\/www.cgt-hopital-manosque.fr\/index.php?rest_route=%2Fwp%2Fv2%2Ftags&post=5122"}],"curies":[{"name":"wp","href":"https:\/\/api.w.org\/{rel}","templated":true}]}}