{"id":5125,"date":"2017-07-31T18:21:44","date_gmt":"2017-07-31T18:21:44","guid":{"rendered":"http:\/\/www.cgt-hopital-manosque.fr\/?p=5125"},"modified":"2017-09-07T18:34:26","modified_gmt":"2017-09-07T18:34:26","slug":"30-juillet-2017-greve-a-seyne-les-alpes-voir-linterview-video-de-dici-tv","status":"publish","type":"post","link":"http:\/\/www.cgt-hopital-manosque.fr\/?p=5125","title":{"rendered":"30 juillet 2017 &#8211; Gr\u00e8ve \u00e0 l&rsquo;h\u00f4pital de Seyne les Alpes : voir l&rsquo;interview vid\u00e9o de DICI TV"},"content":{"rendered":"<p><a href=\"http:\/\/www.cgt-hopital-manosque.fr\/wp-content\/uploads\/2017\/07\/829.-DICI-TV-du-29-juillet-2017.jpg\"><img loading=\"lazy\" decoding=\"async\" src=\"http:\/\/www.cgt-hopital-manosque.fr\/wp-content\/uploads\/2017\/07\/829.-DICI-TV-du-29-juillet-2017.jpg\" alt=\"829. DICI TV Gr\u00e8ve Seyne les Alpes\" width=\"915\" height=\"809\" class=\"aligncenter size-full wp-image-5126\" srcset=\"http:\/\/www.cgt-hopital-manosque.fr\/wp-content\/uploads\/2017\/07\/829.-DICI-TV-du-29-juillet-2017.jpg 915w, http:\/\/www.cgt-hopital-manosque.fr\/wp-content\/uploads\/2017\/07\/829.-DICI-TV-du-29-juillet-2017-300x265.jpg 300w\" sizes=\"(max-width: 915px) 100vw, 915px\" \/><\/a><\/p>\n<ol>\n<p style= \"text-align: justify;\"><strong> POUR REGARDER LA VIDEO, <a href=\"http:\/\/www.dici.fr\/actu\/2017\/07\/28\/alpes-de-haute-provence-personnel-de-l-etablissement-public-de-sante-de-seyne-alpes-greve-1037176\"target=\"_blank\">CLIQUER ICI<\/a><\/strong><\/p>\n<p style= \"text-align: justify;\"><strong> POUR CONSULTER NOTRE DOSSIER COMPLET SUR LES EHPAD \/ EPS \/ MAISONS DE RETRAITE DU DEPARTEMENT (AVEC LES DIFFERENTS ARTICLES ET TRACTS), <a href=\"http:\/\/www.cgt-hopital-manosque.fr\/?p=5208\" target=\"_blank\">CLIQUER ICI<\/a><\/strong><\/p>\n","protected":false},"excerpt":{"rendered":"<p>POUR REGARDER LA VIDEO, CLIQUER ICI POUR CONSULTER NOTRE DOSSIER COMPLET SUR LES EHPAD \/ EPS \/ MAISONS DE RETRAITE DU DEPARTEMENT (AVEC LES DIFFERENTS ARTICLES ET TRACTS), CLIQUER ICI<\/p>\n","protected":false},"author":1,"featured_media":0,"comment_status":"closed","ping_status":"closed","sticky":false,"template":"","format":"standard","meta":{"footnotes":""},"categories":[8],"tags":[],"views":1834,"_links":{"self":[{"href":"http:\/\/www.cgt-hopital-manosque.fr\/index.php?rest_route=\/wp\/v2\/posts\/5125"}],"collection":[{"href":"http:\/\/www.cgt-hopital-manosque.fr\/index.php?rest_route=\/wp\/v2\/posts"}],"about":[{"href":"http:\/\/www.cgt-hopital-manosque.fr\/index.php?rest_route=\/wp\/v2\/types\/post"}],"author":[{"embeddable":true,"href":"http:\/\/www.cgt-hopital-manosque.fr\/index.php?rest_route=\/wp\/v2\/users\/1"}],"replies":[{"embeddable":true,"href":"http:\/\/www.cgt-hopital-manosque.fr\/index.php?rest_route=%2Fwp%2Fv2%2Fcomments&post=5125"}],"version-history":[{"count":5,"href":"http:\/\/www.cgt-hopital-manosque.fr\/index.php?rest_route=\/wp\/v2\/posts\/5125\/revisions"}],"predecessor-version":[{"id":5230,"href":"http:\/\/www.cgt-hopital-manosque.fr\/index.php?rest_route=\/wp\/v2\/posts\/5125\/revisions\/5230"}],"wp:attachment":[{"href":"http:\/\/www.cgt-hopital-manosque.fr\/index.php?rest_route=%2Fwp%2Fv2%2Fmedia&parent=5125"}],"wp:term":[{"taxonomy":"category","embeddable":true,"href":"http:\/\/www.cgt-hopital-manosque.fr\/index.php?rest_route=%2Fwp%2Fv2%2Fcategories&post=5125"},{"taxonomy":"post_tag","embeddable":true,"href":"http:\/\/www.cgt-hopital-manosque.fr\/index.php?rest_route=%2Fwp%2Fv2%2Ftags&post=5125"}],"curies":[{"name":"wp","href":"https:\/\/api.w.org\/{rel}","templated":true}]}}