{"id":513,"date":"2012-06-20T18:01:41","date_gmt":"2012-06-20T18:01:41","guid":{"rendered":"http:\/\/www.cgt-hopital-manosque.fr\/?p=513"},"modified":"2012-06-21T04:05:22","modified_gmt":"2012-06-21T04:05:22","slug":"21-juin-2012-les-7-priorites-daction-de-la-grande-conference-sociale-des-9-et-10-juillet-2012","status":"publish","type":"post","link":"http:\/\/www.cgt-hopital-manosque.fr\/?p=513","title":{"rendered":"21 juin 2012 &#8211; Les 7 priorit\u00e9s d&rsquo;action de la \u00ab Grande conf\u00e9rence sociale \u00bb des 9 et 10 juillet 2012"},"content":{"rendered":"<p style= \"text-align: justify;\">La \u00ab Grande conf\u00e9rence sociale \u00bb se d\u00e9roulera les 9 et 10 juillet au Palais d\u2019I\u00e9na, si\u00e8ge du Conseil \u00e9conomique, social et environnemental. Le gouvernement et les partenaires sociaux ont arr\u00eat\u00e9 sept th\u00e8mes jug\u00e9s prioritaires :<\/p>\n<p>* l\u2019emploi,<br \/>\n* les r\u00e9mun\u00e9rations,<br \/>\n* l\u2019\u00e9galit\u00e9 professionnelle,<br \/>\n* la formation,<br \/>\n* le redressement de l\u2019appareil productif,<br \/>\n* la protection sociale et les retraites,<br \/>\n* la Fonction publique.<\/p>\n<p style= \"text-align: justify;\">Le Pr\u00e9sident de la R\u00e9publique donnera le cadrage des d\u00e9bats, ainsi que sa vision sur le redressement \u00e9conomique, industriel et de l\u2019emploi. Le Premier ministre cl\u00f4turera les d\u00e9bats en annon\u00e7ant l\u2019agenda pr\u00e9cis et la m\u00e9thode de discussion et de consultation pour chacun des th\u00e8mes abord\u00e9s. La conf\u00e9rence sera organis\u00e9e en sept tables rondes, chacune d\u00e9di\u00e9e \u00e0 un th\u00e8me et pr\u00e9sid\u00e9e par le ministre comp\u00e9tent, assist\u00e9 d\u2019une personnalit\u00e9 reconnue dans le domaine concern\u00e9. A la CGT nous esp\u00e9rons d\u00e9boucher, \u00e0 l\u2019issue de cette grande conf\u00e9rence sociale, sur des actes concrets en termes d\u2019actions, notamment en mati\u00e8re d\u2019emploi et de pouvoir d\u2019achat.<\/p>\n<p style= \"text-align: justify;\">Selon Bernard Thibault : \u00ab\u00a0La CGT se f\u00e9licite de l\u2019organisation en juillet d\u2019une conf\u00e9rence sociale apr\u00e8s le changement de pr\u00e9sident de la R\u00e9publique. Les attentes des salari\u00e9s pour de v\u00e9ritables changements dans leur vie et au travail dont la CGT s\u2019est faite l\u2019expression sont pour beaucoup dans cette nouvelle donne. Il est donc naturel que des attentes s\u2019expriment, tant vis-\u00e0-vis de mesures sociales qui seront prises par le gouvernement que sur les chantiers qui seront ouverts pour des changements en profondeur.\u00a0\u00bb<\/p>\n","protected":false},"excerpt":{"rendered":"<p>La \u00ab Grande conf\u00e9rence sociale \u00bb se d\u00e9roulera les 9 et 10 juillet au Palais d\u2019I\u00e9na, si\u00e8ge du Conseil \u00e9conomique, social et environnemental. Le gouvernement et les partenaires sociaux ont arr\u00eat\u00e9 sept th\u00e8mes jug\u00e9s prioritaires : * l\u2019emploi, * les r\u00e9mun\u00e9rations, * l\u2019\u00e9galit\u00e9 professionnelle, * la formation, * le redressement de l\u2019appareil productif, * la [&hellip;]<\/p>\n","protected":false},"author":1,"featured_media":0,"comment_status":"closed","ping_status":"open","sticky":false,"template":"","format":"standard","meta":{"footnotes":""},"categories":[8],"tags":[],"views":2039,"_links":{"self":[{"href":"http:\/\/www.cgt-hopital-manosque.fr\/index.php?rest_route=\/wp\/v2\/posts\/513"}],"collection":[{"href":"http:\/\/www.cgt-hopital-manosque.fr\/index.php?rest_route=\/wp\/v2\/posts"}],"about":[{"href":"http:\/\/www.cgt-hopital-manosque.fr\/index.php?rest_route=\/wp\/v2\/types\/post"}],"author":[{"embeddable":true,"href":"http:\/\/www.cgt-hopital-manosque.fr\/index.php?rest_route=\/wp\/v2\/users\/1"}],"replies":[{"embeddable":true,"href":"http:\/\/www.cgt-hopital-manosque.fr\/index.php?rest_route=%2Fwp%2Fv2%2Fcomments&post=513"}],"version-history":[{"count":5,"href":"http:\/\/www.cgt-hopital-manosque.fr\/index.php?rest_route=\/wp\/v2\/posts\/513\/revisions"}],"predecessor-version":[{"id":523,"href":"http:\/\/www.cgt-hopital-manosque.fr\/index.php?rest_route=\/wp\/v2\/posts\/513\/revisions\/523"}],"wp:attachment":[{"href":"http:\/\/www.cgt-hopital-manosque.fr\/index.php?rest_route=%2Fwp%2Fv2%2Fmedia&parent=513"}],"wp:term":[{"taxonomy":"category","embeddable":true,"href":"http:\/\/www.cgt-hopital-manosque.fr\/index.php?rest_route=%2Fwp%2Fv2%2Fcategories&post=513"},{"taxonomy":"post_tag","embeddable":true,"href":"http:\/\/www.cgt-hopital-manosque.fr\/index.php?rest_route=%2Fwp%2Fv2%2Ftags&post=513"}],"curies":[{"name":"wp","href":"https:\/\/api.w.org\/{rel}","templated":true}]}}