{"id":5131,"date":"2017-07-31T18:31:48","date_gmt":"2017-07-31T18:31:48","guid":{"rendered":"http:\/\/www.cgt-hopital-manosque.fr\/?p=5131"},"modified":"2017-09-07T18:34:38","modified_gmt":"2017-09-07T18:34:38","slug":"31-juillet-2017-greve-a-lhopital-de-seyne-les-alpes-larticle-du-dauphine-libere","status":"publish","type":"post","link":"http:\/\/www.cgt-hopital-manosque.fr\/?p=5131","title":{"rendered":"31 juillet 2017 &#8211; Gr\u00e8ve \u00e0 l&rsquo;h\u00f4pital de Seyne les Alpes : l&rsquo;article du Dauphin\u00e9 Lib\u00e9r\u00e9"},"content":{"rendered":"<p style= \"text-align: justify;\"><strong><br \/>\n<strong>CLIQUER SUR L&rsquo;IMAGE POUR L&rsquo;AGRANDIR :<\/strong>\n<\/p>\n<p><a href=\"http:\/\/www.cgt-hopital-manosque.fr\/wp-content\/uploads\/2017\/07\/830.-Le-Dauphin\u00e9-gr\u00e8ve-Seyne-les-Alpes.jpg\"><img loading=\"lazy\" decoding=\"async\" src=\"http:\/\/www.cgt-hopital-manosque.fr\/wp-content\/uploads\/2017\/07\/830.-Le-Dauphin\u00e9-gr\u00e8ve-Seyne-les-Alpes.jpg\" alt=\"830. Le Dauphin\u00e9 gr\u00e8ve Seyne les Alpes\" width=\"2517\" height=\"1849\" class=\"aligncenter size-full wp-image-5136\" srcset=\"http:\/\/www.cgt-hopital-manosque.fr\/wp-content\/uploads\/2017\/07\/830.-Le-Dauphin\u00e9-gr\u00e8ve-Seyne-les-Alpes.jpg 2517w, http:\/\/www.cgt-hopital-manosque.fr\/wp-content\/uploads\/2017\/07\/830.-Le-Dauphin\u00e9-gr\u00e8ve-Seyne-les-Alpes-300x220.jpg 300w, http:\/\/www.cgt-hopital-manosque.fr\/wp-content\/uploads\/2017\/07\/830.-Le-Dauphin\u00e9-gr\u00e8ve-Seyne-les-Alpes-1024x752.jpg 1024w\" sizes=\"(max-width: 2517px) 100vw, 2517px\" \/><\/a><\/p>\n<p style= \"text-align: justify;\"><strong> POUR CONSULTER NOTRE DOSSIER COMPLET SUR LES EHPAD \/ EPS \/ MAISONS DE RETRAITE DU DEPARTEMENT (AVEC LES DIFFERENTS ARTICLES ET TRACTS), <a href=\"http:\/\/www.cgt-hopital-manosque.fr\/?p=5208\" target=\"_blank\">CLIQUER ICI<\/a><\/strong><\/p>\n","protected":false},"excerpt":{"rendered":"<p>CLIQUER SUR L&rsquo;IMAGE POUR L&rsquo;AGRANDIR : POUR CONSULTER NOTRE DOSSIER COMPLET SUR LES EHPAD \/ EPS \/ MAISONS DE RETRAITE DU DEPARTEMENT (AVEC LES DIFFERENTS ARTICLES ET TRACTS), CLIQUER ICI<\/p>\n","protected":false},"author":1,"featured_media":0,"comment_status":"closed","ping_status":"closed","sticky":false,"template":"","format":"standard","meta":{"footnotes":""},"categories":[8],"tags":[],"views":1888,"_links":{"self":[{"href":"http:\/\/www.cgt-hopital-manosque.fr\/index.php?rest_route=\/wp\/v2\/posts\/5131"}],"collection":[{"href":"http:\/\/www.cgt-hopital-manosque.fr\/index.php?rest_route=\/wp\/v2\/posts"}],"about":[{"href":"http:\/\/www.cgt-hopital-manosque.fr\/index.php?rest_route=\/wp\/v2\/types\/post"}],"author":[{"embeddable":true,"href":"http:\/\/www.cgt-hopital-manosque.fr\/index.php?rest_route=\/wp\/v2\/users\/1"}],"replies":[{"embeddable":true,"href":"http:\/\/www.cgt-hopital-manosque.fr\/index.php?rest_route=%2Fwp%2Fv2%2Fcomments&post=5131"}],"version-history":[{"count":5,"href":"http:\/\/www.cgt-hopital-manosque.fr\/index.php?rest_route=\/wp\/v2\/posts\/5131\/revisions"}],"predecessor-version":[{"id":5231,"href":"http:\/\/www.cgt-hopital-manosque.fr\/index.php?rest_route=\/wp\/v2\/posts\/5131\/revisions\/5231"}],"wp:attachment":[{"href":"http:\/\/www.cgt-hopital-manosque.fr\/index.php?rest_route=%2Fwp%2Fv2%2Fmedia&parent=5131"}],"wp:term":[{"taxonomy":"category","embeddable":true,"href":"http:\/\/www.cgt-hopital-manosque.fr\/index.php?rest_route=%2Fwp%2Fv2%2Fcategories&post=5131"},{"taxonomy":"post_tag","embeddable":true,"href":"http:\/\/www.cgt-hopital-manosque.fr\/index.php?rest_route=%2Fwp%2Fv2%2Ftags&post=5131"}],"curies":[{"name":"wp","href":"https:\/\/api.w.org\/{rel}","templated":true}]}}