{"id":5135,"date":"2017-07-31T18:37:57","date_gmt":"2017-07-31T18:37:57","guid":{"rendered":"http:\/\/www.cgt-hopital-manosque.fr\/?p=5135"},"modified":"2017-09-07T18:34:56","modified_gmt":"2017-09-07T18:34:56","slug":"31-juillet-2017-greve-a-lhopital-de-seyne-les-alpes-les-articles-de-la-provence","status":"publish","type":"post","link":"http:\/\/www.cgt-hopital-manosque.fr\/?p=5135","title":{"rendered":"31 juillet 2017 &#8211; Gr\u00e8ve \u00e0 l&rsquo;h\u00f4pital de Seyne les Alpes : les articles de La Provence"},"content":{"rendered":"<p style= \"text-align: justify;\"><strong><br \/>\n<strong>ARTICLE DU JOURNAL LA PROVENCE DU 29 JUILLET<\/strong>\n<\/p>\n<p><a href=\"http:\/\/www.cgt-hopital-manosque.fr\/wp-content\/uploads\/2017\/07\/831.-La-Provence-gr\u00e8ve-Seyne-les-Alpes-2907.jpg\"><img loading=\"lazy\" decoding=\"async\" src=\"http:\/\/www.cgt-hopital-manosque.fr\/wp-content\/uploads\/2017\/07\/831.-La-Provence-gr\u00e8ve-Seyne-les-Alpes-2907.jpg\" alt=\"831. La Provence gr\u00e8ve Seyne les Alpes 2907\" width=\"360\" height=\"693\" class=\"aligncenter size-full wp-image-5150\" srcset=\"http:\/\/www.cgt-hopital-manosque.fr\/wp-content\/uploads\/2017\/07\/831.-La-Provence-gr\u00e8ve-Seyne-les-Alpes-2907.jpg 360w, http:\/\/www.cgt-hopital-manosque.fr\/wp-content\/uploads\/2017\/07\/831.-La-Provence-gr\u00e8ve-Seyne-les-Alpes-2907-156x300.jpg 156w\" sizes=\"(max-width: 360px) 100vw, 360px\" \/><\/a><\/p>\n<p style= \"text-align: justify;\"><strong><br \/>\n<strong>ARTICLE DU JOURNAL LA PROVENCE DU 30 JUILLET<\/strong>\n<\/p>\n<p><a href=\"http:\/\/www.cgt-hopital-manosque.fr\/wp-content\/uploads\/2017\/07\/831.-La-Provence-gr\u00e8ve-Seyne-les-Alpes-p1.jpg\"><img loading=\"lazy\" decoding=\"async\" src=\"http:\/\/www.cgt-hopital-manosque.fr\/wp-content\/uploads\/2017\/07\/831.-La-Provence-gr\u00e8ve-Seyne-les-Alpes-p1.jpg\" alt=\"831. La Provence gr\u00e8ve Seyne les Alpes (p1)\" width=\"3506\" height=\"2481\" class=\"aligncenter size-full wp-image-5142\" srcset=\"http:\/\/www.cgt-hopital-manosque.fr\/wp-content\/uploads\/2017\/07\/831.-La-Provence-gr\u00e8ve-Seyne-les-Alpes-p1.jpg 3506w, http:\/\/www.cgt-hopital-manosque.fr\/wp-content\/uploads\/2017\/07\/831.-La-Provence-gr\u00e8ve-Seyne-les-Alpes-p1-300x212.jpg 300w, http:\/\/www.cgt-hopital-manosque.fr\/wp-content\/uploads\/2017\/07\/831.-La-Provence-gr\u00e8ve-Seyne-les-Alpes-p1-1024x725.jpg 1024w\" sizes=\"(max-width: 3506px) 100vw, 3506px\" \/><\/a><\/p>\n<p style= \"text-align: justify;\"><strong><br \/>\n<strong>CLIQUER SUR L&rsquo;IMAGE POUR L&rsquo;AGRANDIR :<\/strong>\n<\/p>\n<p><a href=\"http:\/\/www.cgt-hopital-manosque.fr\/wp-content\/uploads\/2017\/07\/831.-La-Provence-gr\u00e8ve-Seyne-les-Alpes-p2.jpg\"><img loading=\"lazy\" decoding=\"async\" src=\"http:\/\/www.cgt-hopital-manosque.fr\/wp-content\/uploads\/2017\/07\/831.-La-Provence-gr\u00e8ve-Seyne-les-Alpes-p2.jpg\" alt=\"831. La Provence gr\u00e8ve Seyne les Alpes (p2)\" width=\"2481\" height=\"3506\" class=\"aligncenter size-full wp-image-5143\" srcset=\"http:\/\/www.cgt-hopital-manosque.fr\/wp-content\/uploads\/2017\/07\/831.-La-Provence-gr\u00e8ve-Seyne-les-Alpes-p2.jpg 2481w, http:\/\/www.cgt-hopital-manosque.fr\/wp-content\/uploads\/2017\/07\/831.-La-Provence-gr\u00e8ve-Seyne-les-Alpes-p2-212x300.jpg 212w, http:\/\/www.cgt-hopital-manosque.fr\/wp-content\/uploads\/2017\/07\/831.-La-Provence-gr\u00e8ve-Seyne-les-Alpes-p2-725x1024.jpg 725w\" sizes=\"(max-width: 2481px) 100vw, 2481px\" \/><\/a><\/p>\n<p style= \"text-align: justify;\"><strong><br \/>\n<strong>POUR CONSULTER L&rsquo;ARTICLE, VOUS POUVEZ EGALEMENT : <a href=\"http:\/\/www.cgt-hopital-manosque.fr\/wp-content\/uploads\/2017\/07\/831.-La-Provence-gr\u00e8ve-Seyne-les-Alpes-p2v2.pdf\">CLIQUER ICI<\/a> <\/strong>\n<\/p>\n<p style= \"text-align: justify;\"><strong> POUR CONSULTER NOTRE DOSSIER COMPLET SUR LES EHPAD \/ EPS \/ MAISONS DE RETRAITE DU DEPARTEMENT (AVEC LES DIFFERENTS ARTICLES ET TRACTS), <a href=\"http:\/\/www.cgt-hopital-manosque.fr\/?p=5208\" target=\"_blank\">CLIQUER ICI<\/a><\/strong><\/p>\n","protected":false},"excerpt":{"rendered":"<p>ARTICLE DU JOURNAL LA PROVENCE DU 29 JUILLET ARTICLE DU JOURNAL LA PROVENCE DU 30 JUILLET CLIQUER SUR L&rsquo;IMAGE POUR L&rsquo;AGRANDIR : POUR CONSULTER L&rsquo;ARTICLE, VOUS POUVEZ EGALEMENT : CLIQUER ICI POUR CONSULTER NOTRE DOSSIER COMPLET SUR LES EHPAD \/ EPS \/ MAISONS DE RETRAITE DU DEPARTEMENT (AVEC LES DIFFERENTS ARTICLES ET TRACTS), CLIQUER ICI<\/p>\n","protected":false},"author":1,"featured_media":0,"comment_status":"closed","ping_status":"closed","sticky":false,"template":"","format":"standard","meta":{"footnotes":""},"categories":[8],"tags":[],"views":2721,"_links":{"self":[{"href":"http:\/\/www.cgt-hopital-manosque.fr\/index.php?rest_route=\/wp\/v2\/posts\/5135"}],"collection":[{"href":"http:\/\/www.cgt-hopital-manosque.fr\/index.php?rest_route=\/wp\/v2\/posts"}],"about":[{"href":"http:\/\/www.cgt-hopital-manosque.fr\/index.php?rest_route=\/wp\/v2\/types\/post"}],"author":[{"embeddable":true,"href":"http:\/\/www.cgt-hopital-manosque.fr\/index.php?rest_route=\/wp\/v2\/users\/1"}],"replies":[{"embeddable":true,"href":"http:\/\/www.cgt-hopital-manosque.fr\/index.php?rest_route=%2Fwp%2Fv2%2Fcomments&post=5135"}],"version-history":[{"count":7,"href":"http:\/\/www.cgt-hopital-manosque.fr\/index.php?rest_route=\/wp\/v2\/posts\/5135\/revisions"}],"predecessor-version":[{"id":5232,"href":"http:\/\/www.cgt-hopital-manosque.fr\/index.php?rest_route=\/wp\/v2\/posts\/5135\/revisions\/5232"}],"wp:attachment":[{"href":"http:\/\/www.cgt-hopital-manosque.fr\/index.php?rest_route=%2Fwp%2Fv2%2Fmedia&parent=5135"}],"wp:term":[{"taxonomy":"category","embeddable":true,"href":"http:\/\/www.cgt-hopital-manosque.fr\/index.php?rest_route=%2Fwp%2Fv2%2Fcategories&post=5135"},{"taxonomy":"post_tag","embeddable":true,"href":"http:\/\/www.cgt-hopital-manosque.fr\/index.php?rest_route=%2Fwp%2Fv2%2Ftags&post=5135"}],"curies":[{"name":"wp","href":"https:\/\/api.w.org\/{rel}","templated":true}]}}