{"id":5146,"date":"2017-07-31T18:50:31","date_gmt":"2017-07-31T18:50:31","guid":{"rendered":"http:\/\/www.cgt-hopital-manosque.fr\/?p=5146"},"modified":"2017-09-07T18:35:51","modified_gmt":"2017-09-07T18:35:51","slug":"1er-aout-2017-greve-a-lhopital-dentrevaux-le-tract-pour-annoncer-la-journee-daction-du-3-aout","status":"publish","type":"post","link":"http:\/\/www.cgt-hopital-manosque.fr\/?p=5146","title":{"rendered":"1er ao\u00fbt 2017 &#8211; Gr\u00e8ve \u00e0 l&rsquo;h\u00f4pital d&rsquo;Entrevaux : le tract pour annoncer la journ\u00e9e d&rsquo;action du 3 ao\u00fbt"},"content":{"rendered":"<p style= \"text-align: justify;\"><strong><br \/>\nApr\u00e8s Seyne les Alpes, les personnels d&rsquo;un autre EPS (Etablissement Public de Sant\u00e9) du d\u00e9partement accueillant des personnes \u00e2g\u00e9es d\u00e9pendantes, celui d&rsquo;Entrevaux, ont d\u00e9cid\u00e9 de briser l&rsquo;omerta et mettre au grand jour des conditions de travail dignes du 19\u00e8me si\u00e8cle. C&rsquo;est dramatique pour le personnel, mais \u00e7a l&rsquo;est tout autant pour les r\u00e9sidents et leur famille. Aujourd&rsquo;hui, les personnels disent STOP !<br \/>\n<\/strong>\n<\/p>\n<p><a href=\"http:\/\/www.cgt-hopital-manosque.fr\/wp-content\/uploads\/2017\/07\/832.-Gr\u00e8ve-h\u00f4pital-dEntrevaux.jpg\"><img loading=\"lazy\" decoding=\"async\" src=\"http:\/\/www.cgt-hopital-manosque.fr\/wp-content\/uploads\/2017\/07\/832.-Gr\u00e8ve-h\u00f4pital-dEntrevaux.jpg\" alt=\"832. Gr\u00e8ve h\u00f4pital d&#039;Entrevaux\" width=\"661\" height=\"851\" class=\"aligncenter size-full wp-image-5147\" srcset=\"http:\/\/www.cgt-hopital-manosque.fr\/wp-content\/uploads\/2017\/07\/832.-Gr\u00e8ve-h\u00f4pital-dEntrevaux.jpg 661w, http:\/\/www.cgt-hopital-manosque.fr\/wp-content\/uploads\/2017\/07\/832.-Gr\u00e8ve-h\u00f4pital-dEntrevaux-233x300.jpg 233w\" sizes=\"(max-width: 661px) 100vw, 661px\" \/><\/a><\/p>\n<p style= \"text-align: justify;\"><strong> POUR CONSULTER NOTRE DOSSIER COMPLET SUR LES EHPAD \/ EPS \/ MAISONS DE RETRAITE DU DEPARTEMENT (AVEC LES DIFFERENTS ARTICLES ET TRACTS), <a href=\"http:\/\/www.cgt-hopital-manosque.fr\/?p=5208\" target=\"_blank\">CLIQUER ICI<\/a><\/strong><\/p>\n","protected":false},"excerpt":{"rendered":"<p>Apr\u00e8s Seyne les Alpes, les personnels d&rsquo;un autre EPS (Etablissement Public de Sant\u00e9) du d\u00e9partement accueillant des personnes \u00e2g\u00e9es d\u00e9pendantes, celui d&rsquo;Entrevaux, ont d\u00e9cid\u00e9 de briser l&rsquo;omerta et mettre au grand jour des conditions de travail dignes du 19\u00e8me si\u00e8cle. C&rsquo;est dramatique pour le personnel, mais \u00e7a l&rsquo;est tout autant pour les r\u00e9sidents et leur [&hellip;]<\/p>\n","protected":false},"author":1,"featured_media":0,"comment_status":"closed","ping_status":"closed","sticky":false,"template":"","format":"standard","meta":{"footnotes":""},"categories":[8],"tags":[],"views":2067,"_links":{"self":[{"href":"http:\/\/www.cgt-hopital-manosque.fr\/index.php?rest_route=\/wp\/v2\/posts\/5146"}],"collection":[{"href":"http:\/\/www.cgt-hopital-manosque.fr\/index.php?rest_route=\/wp\/v2\/posts"}],"about":[{"href":"http:\/\/www.cgt-hopital-manosque.fr\/index.php?rest_route=\/wp\/v2\/types\/post"}],"author":[{"embeddable":true,"href":"http:\/\/www.cgt-hopital-manosque.fr\/index.php?rest_route=\/wp\/v2\/users\/1"}],"replies":[{"embeddable":true,"href":"http:\/\/www.cgt-hopital-manosque.fr\/index.php?rest_route=%2Fwp%2Fv2%2Fcomments&post=5146"}],"version-history":[{"count":3,"href":"http:\/\/www.cgt-hopital-manosque.fr\/index.php?rest_route=\/wp\/v2\/posts\/5146\/revisions"}],"predecessor-version":[{"id":5233,"href":"http:\/\/www.cgt-hopital-manosque.fr\/index.php?rest_route=\/wp\/v2\/posts\/5146\/revisions\/5233"}],"wp:attachment":[{"href":"http:\/\/www.cgt-hopital-manosque.fr\/index.php?rest_route=%2Fwp%2Fv2%2Fmedia&parent=5146"}],"wp:term":[{"taxonomy":"category","embeddable":true,"href":"http:\/\/www.cgt-hopital-manosque.fr\/index.php?rest_route=%2Fwp%2Fv2%2Fcategories&post=5146"},{"taxonomy":"post_tag","embeddable":true,"href":"http:\/\/www.cgt-hopital-manosque.fr\/index.php?rest_route=%2Fwp%2Fv2%2Ftags&post=5146"}],"curies":[{"name":"wp","href":"https:\/\/api.w.org\/{rel}","templated":true}]}}