{"id":5156,"date":"2017-08-01T18:12:43","date_gmt":"2017-08-01T18:12:43","guid":{"rendered":"http:\/\/www.cgt-hopital-manosque.fr\/?p=5156"},"modified":"2017-09-07T18:36:02","modified_gmt":"2017-09-07T18:36:02","slug":"1er-aout-2017-greve-a-lhopital-de-seyne-les-alpes-larticle-de-la-marseillaise","status":"publish","type":"post","link":"http:\/\/www.cgt-hopital-manosque.fr\/?p=5156","title":{"rendered":"1er ao\u00fbt 2017 &#8211; Gr\u00e8ve \u00e0 l&rsquo;h\u00f4pital de Seyne les Alpes : L&rsquo;article de la Marseillaise"},"content":{"rendered":"<p><a href=\"http:\/\/www.cgt-hopital-manosque.fr\/wp-content\/uploads\/2017\/08\/833.-La-Marseillaise-du-1er-ao\u00fbt-2017-p1.jpg\"><img loading=\"lazy\" decoding=\"async\" src=\"http:\/\/www.cgt-hopital-manosque.fr\/wp-content\/uploads\/2017\/08\/833.-La-Marseillaise-du-1er-ao\u00fbt-2017-p1.jpg\" alt=\"833. La Marseillaise du 1er ao\u00fbt 2017 (p1)\" width=\"1205\" height=\"2525\" class=\"aligncenter size-full wp-image-5157\" srcset=\"http:\/\/www.cgt-hopital-manosque.fr\/wp-content\/uploads\/2017\/08\/833.-La-Marseillaise-du-1er-ao\u00fbt-2017-p1.jpg 1205w, http:\/\/www.cgt-hopital-manosque.fr\/wp-content\/uploads\/2017\/08\/833.-La-Marseillaise-du-1er-ao\u00fbt-2017-p1-143x300.jpg 143w, http:\/\/www.cgt-hopital-manosque.fr\/wp-content\/uploads\/2017\/08\/833.-La-Marseillaise-du-1er-ao\u00fbt-2017-p1-489x1024.jpg 489w\" sizes=\"(max-width: 1205px) 100vw, 1205px\" \/><\/a><\/p>\n<p><a href=\"http:\/\/www.cgt-hopital-manosque.fr\/wp-content\/uploads\/2017\/08\/833.-La-Marseillaise-du-1er-ao\u00fbt-2017-p2.jpg\"><img loading=\"lazy\" decoding=\"async\" src=\"http:\/\/www.cgt-hopital-manosque.fr\/wp-content\/uploads\/2017\/08\/833.-La-Marseillaise-du-1er-ao\u00fbt-2017-p2.jpg\" alt=\"833. La Marseillaise du 1er ao\u00fbt 2017 (p2)\" width=\"1197\" height=\"1121\" class=\"aligncenter size-full wp-image-5158\" srcset=\"http:\/\/www.cgt-hopital-manosque.fr\/wp-content\/uploads\/2017\/08\/833.-La-Marseillaise-du-1er-ao\u00fbt-2017-p2.jpg 1197w, http:\/\/www.cgt-hopital-manosque.fr\/wp-content\/uploads\/2017\/08\/833.-La-Marseillaise-du-1er-ao\u00fbt-2017-p2-300x281.jpg 300w, http:\/\/www.cgt-hopital-manosque.fr\/wp-content\/uploads\/2017\/08\/833.-La-Marseillaise-du-1er-ao\u00fbt-2017-p2-1024x959.jpg 1024w\" sizes=\"(max-width: 1197px) 100vw, 1197px\" \/><\/a><\/p>\n<p style= \"text-align: justify;\"><strong> POUR CONSULTER NOTRE DOSSIER COMPLET SUR LES EHPAD \/ EPS \/ MAISONS DE RETRAITE DU DEPARTEMENT (AVEC LES DIFFERENTS ARTICLES ET TRACTS), <a href=\"http:\/\/www.cgt-hopital-manosque.fr\/?p=5208\" target=\"_blank\">CLIQUER ICI<\/a><\/strong><\/p>\n","protected":false},"excerpt":{"rendered":"<p>POUR CONSULTER NOTRE DOSSIER COMPLET SUR LES EHPAD \/ EPS \/ MAISONS DE RETRAITE DU DEPARTEMENT (AVEC LES DIFFERENTS ARTICLES ET TRACTS), CLIQUER ICI<\/p>\n","protected":false},"author":1,"featured_media":0,"comment_status":"closed","ping_status":"closed","sticky":false,"template":"","format":"standard","meta":{"footnotes":""},"categories":[8],"tags":[],"views":1835,"_links":{"self":[{"href":"http:\/\/www.cgt-hopital-manosque.fr\/index.php?rest_route=\/wp\/v2\/posts\/5156"}],"collection":[{"href":"http:\/\/www.cgt-hopital-manosque.fr\/index.php?rest_route=\/wp\/v2\/posts"}],"about":[{"href":"http:\/\/www.cgt-hopital-manosque.fr\/index.php?rest_route=\/wp\/v2\/types\/post"}],"author":[{"embeddable":true,"href":"http:\/\/www.cgt-hopital-manosque.fr\/index.php?rest_route=\/wp\/v2\/users\/1"}],"replies":[{"embeddable":true,"href":"http:\/\/www.cgt-hopital-manosque.fr\/index.php?rest_route=%2Fwp%2Fv2%2Fcomments&post=5156"}],"version-history":[{"count":2,"href":"http:\/\/www.cgt-hopital-manosque.fr\/index.php?rest_route=\/wp\/v2\/posts\/5156\/revisions"}],"predecessor-version":[{"id":5234,"href":"http:\/\/www.cgt-hopital-manosque.fr\/index.php?rest_route=\/wp\/v2\/posts\/5156\/revisions\/5234"}],"wp:attachment":[{"href":"http:\/\/www.cgt-hopital-manosque.fr\/index.php?rest_route=%2Fwp%2Fv2%2Fmedia&parent=5156"}],"wp:term":[{"taxonomy":"category","embeddable":true,"href":"http:\/\/www.cgt-hopital-manosque.fr\/index.php?rest_route=%2Fwp%2Fv2%2Fcategories&post=5156"},{"taxonomy":"post_tag","embeddable":true,"href":"http:\/\/www.cgt-hopital-manosque.fr\/index.php?rest_route=%2Fwp%2Fv2%2Ftags&post=5156"}],"curies":[{"name":"wp","href":"https:\/\/api.w.org\/{rel}","templated":true}]}}