{"id":5161,"date":"2017-08-04T09:16:58","date_gmt":"2017-08-04T09:16:58","guid":{"rendered":"http:\/\/www.cgt-hopital-manosque.fr\/?p=5161"},"modified":"2017-09-07T18:36:26","modified_gmt":"2017-09-07T18:36:26","slug":"4-aout-2017-greve-a-lhopital-dentrevaux-linterview-radio-sur-alpes-1","status":"publish","type":"post","link":"http:\/\/www.cgt-hopital-manosque.fr\/?p=5161","title":{"rendered":"4 ao\u00fbt 2017 &#8211; Gr\u00e8ve \u00e0 l&rsquo;h\u00f4pital d&rsquo;Entrevaux : L&rsquo;interview radio sur Alpes 1"},"content":{"rendered":"<p><a href=\"http:\/\/www.cgt-hopital-manosque.fr\/wp-content\/uploads\/2017\/08\/835.-Gr\u00e8ve-Entrevaux-Alpes-1-1.jpg\"><img loading=\"lazy\" decoding=\"async\" src=\"http:\/\/www.cgt-hopital-manosque.fr\/wp-content\/uploads\/2017\/08\/835.-Gr\u00e8ve-Entrevaux-Alpes-1-1.jpg\" alt=\"835. Gr\u00e8ve Entrevaux Alpes 1 (1)\" width=\"879\" height=\"242\" class=\"aligncenter size-full wp-image-5166\" srcset=\"http:\/\/www.cgt-hopital-manosque.fr\/wp-content\/uploads\/2017\/08\/835.-Gr\u00e8ve-Entrevaux-Alpes-1-1.jpg 879w, http:\/\/www.cgt-hopital-manosque.fr\/wp-content\/uploads\/2017\/08\/835.-Gr\u00e8ve-Entrevaux-Alpes-1-1-300x83.jpg 300w\" sizes=\"(max-width: 879px) 100vw, 879px\" \/><\/a><\/p>\n<p><a href=\"http:\/\/www.cgt-hopital-manosque.fr\/wp-content\/uploads\/2017\/08\/835.-Gr\u00e8ve-Entrevaux-Alpes-1-2.jpg\"><img loading=\"lazy\" decoding=\"async\" src=\"http:\/\/www.cgt-hopital-manosque.fr\/wp-content\/uploads\/2017\/08\/835.-Gr\u00e8ve-Entrevaux-Alpes-1-2.jpg\" alt=\"835. Gr\u00e8ve Entrevaux Alpes 1 (2)\" width=\"913\" height=\"701\" class=\"aligncenter size-full wp-image-5167\" srcset=\"http:\/\/www.cgt-hopital-manosque.fr\/wp-content\/uploads\/2017\/08\/835.-Gr\u00e8ve-Entrevaux-Alpes-1-2.jpg 913w, http:\/\/www.cgt-hopital-manosque.fr\/wp-content\/uploads\/2017\/08\/835.-Gr\u00e8ve-Entrevaux-Alpes-1-2-300x230.jpg 300w\" sizes=\"(max-width: 913px) 100vw, 913px\" \/><\/a><\/p>\n<p><a href=\"http:\/\/www.cgt-hopital-manosque.fr\/wp-content\/uploads\/2017\/08\/835.-Gr\u00e8ve-Entrevaux-Alpes-1-3.jpg\"><img loading=\"lazy\" decoding=\"async\" src=\"http:\/\/www.cgt-hopital-manosque.fr\/wp-content\/uploads\/2017\/08\/835.-Gr\u00e8ve-Entrevaux-Alpes-1-3.jpg\" alt=\"835. Gr\u00e8ve Entrevaux Alpes 1 (3)\" width=\"915\" height=\"733\" class=\"aligncenter size-full wp-image-5168\" srcset=\"http:\/\/www.cgt-hopital-manosque.fr\/wp-content\/uploads\/2017\/08\/835.-Gr\u00e8ve-Entrevaux-Alpes-1-3.jpg 915w, http:\/\/www.cgt-hopital-manosque.fr\/wp-content\/uploads\/2017\/08\/835.-Gr\u00e8ve-Entrevaux-Alpes-1-3-300x240.jpg 300w\" sizes=\"(max-width: 915px) 100vw, 915px\" \/><\/a><\/p>\n<ol>\n<p style= \"text-align: justify;\"><strong> POUR ECOUTER L&rsquo;INTERVIEW RADIO, <a href=\"http:\/\/alpesdusud.alpes1.com\/news\/alpes-de-haute-provence\/61427\/alpes-de-haute-provence-greve-illimitee-a-l-hopital-d-entrevaux\n\"target=\"_blank\">CLIQUER ICI<\/a><\/strong><\/p>\n<p style= \"text-align: justify;\"><strong> POUR CONSULTER NOTRE DOSSIER COMPLET SUR LES EHPAD \/ EPS \/ MAISONS DE RETRAITE DU DEPARTEMENT (AVEC LES DIFFERENTS ARTICLES ET TRACTS), <a href=\"http:\/\/www.cgt-hopital-manosque.fr\/?p=5208\" target=\"_blank\">CLIQUER ICI<\/a><\/strong><\/p>\n","protected":false},"excerpt":{"rendered":"<p>POUR ECOUTER L&rsquo;INTERVIEW RADIO, CLIQUER ICI POUR CONSULTER NOTRE DOSSIER COMPLET SUR LES EHPAD \/ EPS \/ MAISONS DE RETRAITE DU DEPARTEMENT (AVEC LES DIFFERENTS ARTICLES ET TRACTS), CLIQUER ICI<\/p>\n","protected":false},"author":1,"featured_media":0,"comment_status":"closed","ping_status":"closed","sticky":false,"template":"","format":"standard","meta":{"footnotes":""},"categories":[8],"tags":[],"views":1949,"_links":{"self":[{"href":"http:\/\/www.cgt-hopital-manosque.fr\/index.php?rest_route=\/wp\/v2\/posts\/5161"}],"collection":[{"href":"http:\/\/www.cgt-hopital-manosque.fr\/index.php?rest_route=\/wp\/v2\/posts"}],"about":[{"href":"http:\/\/www.cgt-hopital-manosque.fr\/index.php?rest_route=\/wp\/v2\/types\/post"}],"author":[{"embeddable":true,"href":"http:\/\/www.cgt-hopital-manosque.fr\/index.php?rest_route=\/wp\/v2\/users\/1"}],"replies":[{"embeddable":true,"href":"http:\/\/www.cgt-hopital-manosque.fr\/index.php?rest_route=%2Fwp%2Fv2%2Fcomments&post=5161"}],"version-history":[{"count":2,"href":"http:\/\/www.cgt-hopital-manosque.fr\/index.php?rest_route=\/wp\/v2\/posts\/5161\/revisions"}],"predecessor-version":[{"id":5236,"href":"http:\/\/www.cgt-hopital-manosque.fr\/index.php?rest_route=\/wp\/v2\/posts\/5161\/revisions\/5236"}],"wp:attachment":[{"href":"http:\/\/www.cgt-hopital-manosque.fr\/index.php?rest_route=%2Fwp%2Fv2%2Fmedia&parent=5161"}],"wp:term":[{"taxonomy":"category","embeddable":true,"href":"http:\/\/www.cgt-hopital-manosque.fr\/index.php?rest_route=%2Fwp%2Fv2%2Fcategories&post=5161"},{"taxonomy":"post_tag","embeddable":true,"href":"http:\/\/www.cgt-hopital-manosque.fr\/index.php?rest_route=%2Fwp%2Fv2%2Ftags&post=5161"}],"curies":[{"name":"wp","href":"https:\/\/api.w.org\/{rel}","templated":true}]}}