{"id":5162,"date":"2017-08-04T09:13:27","date_gmt":"2017-08-04T09:13:27","guid":{"rendered":"http:\/\/www.cgt-hopital-manosque.fr\/?p=5162"},"modified":"2017-09-07T18:36:12","modified_gmt":"2017-09-07T18:36:12","slug":"3-aout-2017-greve-a-lhopital-dentrevaux-communique-du-syndicat-cgt","status":"publish","type":"post","link":"http:\/\/www.cgt-hopital-manosque.fr\/?p=5162","title":{"rendered":"3 ao\u00fbt 2017 &#8211; Gr\u00e8ve \u00e0 l&rsquo;h\u00f4pital d&rsquo;Entrevaux : Communiqu\u00e9 du syndicat CGT"},"content":{"rendered":"<p><a href=\"http:\/\/www.cgt-hopital-manosque.fr\/wp-content\/uploads\/2017\/08\/834.-Communiqu\u00e9-CGT-h\u00f4pital-Entrevaux-1.jpg\"><img loading=\"lazy\" decoding=\"async\" src=\"http:\/\/www.cgt-hopital-manosque.fr\/wp-content\/uploads\/2017\/08\/834.-Communiqu\u00e9-CGT-h\u00f4pital-Entrevaux-1.jpg\" alt=\"834. Communiqu\u00e9 CGT h\u00f4pital Entrevaux (1)\" width=\"703\" height=\"875\" class=\"aligncenter size-full wp-image-5163\" srcset=\"http:\/\/www.cgt-hopital-manosque.fr\/wp-content\/uploads\/2017\/08\/834.-Communiqu\u00e9-CGT-h\u00f4pital-Entrevaux-1.jpg 703w, http:\/\/www.cgt-hopital-manosque.fr\/wp-content\/uploads\/2017\/08\/834.-Communiqu\u00e9-CGT-h\u00f4pital-Entrevaux-1-241x300.jpg 241w\" sizes=\"(max-width: 703px) 100vw, 703px\" \/><\/a><\/p>\n<p><a href=\"http:\/\/www.cgt-hopital-manosque.fr\/wp-content\/uploads\/2017\/08\/834.-Communiqu\u00e9-CGT-h\u00f4pital-Entrevaux-2.jpg\"><img loading=\"lazy\" decoding=\"async\" src=\"http:\/\/www.cgt-hopital-manosque.fr\/wp-content\/uploads\/2017\/08\/834.-Communiqu\u00e9-CGT-h\u00f4pital-Entrevaux-2.jpg\" alt=\"834. Communiqu\u00e9 CGT h\u00f4pital Entrevaux (2)\" width=\"694\" height=\"670\" class=\"aligncenter size-full wp-image-5164\" srcset=\"http:\/\/www.cgt-hopital-manosque.fr\/wp-content\/uploads\/2017\/08\/834.-Communiqu\u00e9-CGT-h\u00f4pital-Entrevaux-2.jpg 694w, http:\/\/www.cgt-hopital-manosque.fr\/wp-content\/uploads\/2017\/08\/834.-Communiqu\u00e9-CGT-h\u00f4pital-Entrevaux-2-300x290.jpg 300w\" sizes=\"(max-width: 694px) 100vw, 694px\" \/><\/a><\/p>\n<p style= \"text-align: justify;\"><strong> POUR CONSULTER NOTRE DOSSIER COMPLET SUR LES EHPAD \/ EPS \/ MAISONS DE RETRAITE DU DEPARTEMENT (AVEC LES DIFFERENTS ARTICLES ET TRACTS), <a href=\"http:\/\/www.cgt-hopital-manosque.fr\/?p=5208\" target=\"_blank\">CLIQUER ICI<\/a><\/strong><\/p>\n","protected":false},"excerpt":{"rendered":"<p>POUR CONSULTER NOTRE DOSSIER COMPLET SUR LES EHPAD \/ EPS \/ MAISONS DE RETRAITE DU DEPARTEMENT (AVEC LES DIFFERENTS ARTICLES ET TRACTS), CLIQUER ICI<\/p>\n","protected":false},"author":1,"featured_media":0,"comment_status":"closed","ping_status":"closed","sticky":false,"template":"","format":"standard","meta":{"footnotes":""},"categories":[8],"tags":[],"views":1686,"_links":{"self":[{"href":"http:\/\/www.cgt-hopital-manosque.fr\/index.php?rest_route=\/wp\/v2\/posts\/5162"}],"collection":[{"href":"http:\/\/www.cgt-hopital-manosque.fr\/index.php?rest_route=\/wp\/v2\/posts"}],"about":[{"href":"http:\/\/www.cgt-hopital-manosque.fr\/index.php?rest_route=\/wp\/v2\/types\/post"}],"author":[{"embeddable":true,"href":"http:\/\/www.cgt-hopital-manosque.fr\/index.php?rest_route=\/wp\/v2\/users\/1"}],"replies":[{"embeddable":true,"href":"http:\/\/www.cgt-hopital-manosque.fr\/index.php?rest_route=%2Fwp%2Fv2%2Fcomments&post=5162"}],"version-history":[{"count":2,"href":"http:\/\/www.cgt-hopital-manosque.fr\/index.php?rest_route=\/wp\/v2\/posts\/5162\/revisions"}],"predecessor-version":[{"id":5235,"href":"http:\/\/www.cgt-hopital-manosque.fr\/index.php?rest_route=\/wp\/v2\/posts\/5162\/revisions\/5235"}],"wp:attachment":[{"href":"http:\/\/www.cgt-hopital-manosque.fr\/index.php?rest_route=%2Fwp%2Fv2%2Fmedia&parent=5162"}],"wp:term":[{"taxonomy":"category","embeddable":true,"href":"http:\/\/www.cgt-hopital-manosque.fr\/index.php?rest_route=%2Fwp%2Fv2%2Fcategories&post=5162"},{"taxonomy":"post_tag","embeddable":true,"href":"http:\/\/www.cgt-hopital-manosque.fr\/index.php?rest_route=%2Fwp%2Fv2%2Ftags&post=5162"}],"curies":[{"name":"wp","href":"https:\/\/api.w.org\/{rel}","templated":true}]}}