{"id":5170,"date":"2017-08-04T09:18:39","date_gmt":"2017-08-04T09:18:39","guid":{"rendered":"http:\/\/www.cgt-hopital-manosque.fr\/?p=5170"},"modified":"2017-09-07T18:36:36","modified_gmt":"2017-09-07T18:36:36","slug":"4-aout-2017-greve-a-lhopital-dentrevaux-larticle-de-nice-matin","status":"publish","type":"post","link":"http:\/\/www.cgt-hopital-manosque.fr\/?p=5170","title":{"rendered":"4 ao\u00fbt 2017 &#8211; Gr\u00e8ve \u00e0 l&rsquo;h\u00f4pital d&rsquo;Entrevaux : L&rsquo;article de Nice Matin"},"content":{"rendered":"<p style= \"text-align: justify;\"><strong><br \/>\n<strong>CLIQUER SUR L&rsquo;IMAGE POUR L&rsquo;AGRANDIR :<\/strong>\n<\/p>\n<p><a href=\"http:\/\/www.cgt-hopital-manosque.fr\/wp-content\/uploads\/2017\/08\/836.-Gr\u00e8ve-Entrevaux-Nice-Matin-4-ao\u00fbt-2017.jpg\"><img loading=\"lazy\" decoding=\"async\" src=\"http:\/\/www.cgt-hopital-manosque.fr\/wp-content\/uploads\/2017\/08\/836.-Gr\u00e8ve-Entrevaux-Nice-Matin-4-ao\u00fbt-2017.jpg\" alt=\"836. Gr\u00e8ve Entrevaux Nice Matin 4 ao\u00fbt 2017\" width=\"2093\" height=\"2317\" class=\"aligncenter size-full wp-image-5171\" srcset=\"http:\/\/www.cgt-hopital-manosque.fr\/wp-content\/uploads\/2017\/08\/836.-Gr\u00e8ve-Entrevaux-Nice-Matin-4-ao\u00fbt-2017.jpg 2093w, http:\/\/www.cgt-hopital-manosque.fr\/wp-content\/uploads\/2017\/08\/836.-Gr\u00e8ve-Entrevaux-Nice-Matin-4-ao\u00fbt-2017-271x300.jpg 271w, http:\/\/www.cgt-hopital-manosque.fr\/wp-content\/uploads\/2017\/08\/836.-Gr\u00e8ve-Entrevaux-Nice-Matin-4-ao\u00fbt-2017-925x1024.jpg 925w\" sizes=\"(max-width: 2093px) 100vw, 2093px\" \/><\/a><\/p>\n<p style= \"text-align: justify;\"><strong> POUR CONSULTER NOTRE DOSSIER COMPLET SUR LES EHPAD \/ EPS \/ MAISONS DE RETRAITE DU DEPARTEMENT (AVEC LES DIFFERENTS ARTICLES ET TRACTS), <a href=\"http:\/\/www.cgt-hopital-manosque.fr\/?p=5208\" target=\"_blank\">CLIQUER ICI<\/a><\/strong><\/p>\n","protected":false},"excerpt":{"rendered":"<p>CLIQUER SUR L&rsquo;IMAGE POUR L&rsquo;AGRANDIR : POUR CONSULTER NOTRE DOSSIER COMPLET SUR LES EHPAD \/ EPS \/ MAISONS DE RETRAITE DU DEPARTEMENT (AVEC LES DIFFERENTS ARTICLES ET TRACTS), CLIQUER ICI<\/p>\n","protected":false},"author":1,"featured_media":0,"comment_status":"closed","ping_status":"closed","sticky":false,"template":"","format":"standard","meta":{"footnotes":""},"categories":[8],"tags":[],"views":1898,"_links":{"self":[{"href":"http:\/\/www.cgt-hopital-manosque.fr\/index.php?rest_route=\/wp\/v2\/posts\/5170"}],"collection":[{"href":"http:\/\/www.cgt-hopital-manosque.fr\/index.php?rest_route=\/wp\/v2\/posts"}],"about":[{"href":"http:\/\/www.cgt-hopital-manosque.fr\/index.php?rest_route=\/wp\/v2\/types\/post"}],"author":[{"embeddable":true,"href":"http:\/\/www.cgt-hopital-manosque.fr\/index.php?rest_route=\/wp\/v2\/users\/1"}],"replies":[{"embeddable":true,"href":"http:\/\/www.cgt-hopital-manosque.fr\/index.php?rest_route=%2Fwp%2Fv2%2Fcomments&post=5170"}],"version-history":[{"count":3,"href":"http:\/\/www.cgt-hopital-manosque.fr\/index.php?rest_route=\/wp\/v2\/posts\/5170\/revisions"}],"predecessor-version":[{"id":5237,"href":"http:\/\/www.cgt-hopital-manosque.fr\/index.php?rest_route=\/wp\/v2\/posts\/5170\/revisions\/5237"}],"wp:attachment":[{"href":"http:\/\/www.cgt-hopital-manosque.fr\/index.php?rest_route=%2Fwp%2Fv2%2Fmedia&parent=5170"}],"wp:term":[{"taxonomy":"category","embeddable":true,"href":"http:\/\/www.cgt-hopital-manosque.fr\/index.php?rest_route=%2Fwp%2Fv2%2Fcategories&post=5170"},{"taxonomy":"post_tag","embeddable":true,"href":"http:\/\/www.cgt-hopital-manosque.fr\/index.php?rest_route=%2Fwp%2Fv2%2Ftags&post=5170"}],"curies":[{"name":"wp","href":"https:\/\/api.w.org\/{rel}","templated":true}]}}