{"id":5192,"date":"2017-08-30T15:37:33","date_gmt":"2017-08-30T15:37:33","guid":{"rendered":"http:\/\/www.cgt-hopital-manosque.fr\/?p=5192"},"modified":"2017-08-30T15:39:58","modified_gmt":"2017-08-30T15:39:58","slug":"31-aout-2017-le-journal-de-lud-cgt-04-de-juillet-aout-2017","status":"publish","type":"post","link":"http:\/\/www.cgt-hopital-manosque.fr\/?p=5192","title":{"rendered":"31 ao\u00fbt 2017 &#8211; Le journal de l&rsquo;UD CGT 04 de juillet ao\u00fbt 2017"},"content":{"rendered":"<p><a href=\"http:\/\/www.cgt-hopital-manosque.fr\/wp-content\/uploads\/2017\/08\/840.-Journal-UD-CGT-04-juillet-ao\u00fbt-2017.jpg\"><img loading=\"lazy\" decoding=\"async\" src=\"http:\/\/www.cgt-hopital-manosque.fr\/wp-content\/uploads\/2017\/08\/840.-Journal-UD-CGT-04-juillet-ao\u00fbt-2017.jpg\" alt=\"840. Journal UD CGT 04 juillet ao\u00fbt 2017\" width=\"635\" height=\"903\" class=\"aligncenter size-full wp-image-5193\" srcset=\"http:\/\/www.cgt-hopital-manosque.fr\/wp-content\/uploads\/2017\/08\/840.-Journal-UD-CGT-04-juillet-ao\u00fbt-2017.jpg 635w, http:\/\/www.cgt-hopital-manosque.fr\/wp-content\/uploads\/2017\/08\/840.-Journal-UD-CGT-04-juillet-ao\u00fbt-2017-211x300.jpg 211w\" sizes=\"(max-width: 635px) 100vw, 635px\" \/><\/a><\/p>\n<p style= \"text-align: justify;\"><strong><\/p>\n<p style= \"text-align: justify;\"><strong><br \/>\nSommaire : <\/p>\n<p style= \"text-align: justify;\">Page 1 : Edito d&rsquo;Alain Bard <\/p>\n<p style= \"text-align: justify;\">Page 2 : Loi Travail XXL : rassemblement \u00e0 Digne le 12 septembre <\/p>\n<p style= \"text-align: justify;\">Pages 3 \u00e0 5 : Gr\u00e8ve \u00e0 l&rsquo;h\u00f4pital d&rsquo;Entrevaux + Gr\u00e8ve \u00e0 l&rsquo;h\u00f4pital de Seyne les Alpes + Interview de C\u00e9dric Volait sur les EHPAD et les EPS <\/p>\n<p style= \"text-align: justify;\">Pages 6 et 7 : Mobilisation pour la d\u00e9fense des bureaux de poste <\/p>\n<p style= \"text-align: justify;\">Page 8 : Initiative des Territoriaux + Comit\u00e9 d\u00e9partemental du 5 septembre <\/p>\n<p style= \"text-align: justify;\">Page 9 : Cr\u00e9ation d&rsquo;un syndicat CGT \u00e0 la SIMC de Manosque : Interview de Gr\u00e9gory Jean <\/p>\n<p style= \"text-align: justify;\">Page 10 : Initiatives Tour de France 2017 <\/p>\n<p style= \"text-align: justify;\"> Pages 11 \u00e0 14 : Hommage \u00e0 Mumu <\/p>\n<p style= \"text-align: justify;\"> Page 15 : Partenariat <\/p>\n<p style= \"text-align: justify;\">\n<p style= \"text-align: justify;\">\nPOUR CONSULTER LE JOURNAL COMPLET, <a href=\"http:\/\/www.cgt-hopital-manosque.fr\/wp-content\/uploads\/2017\/08\/840.-Journal-UD-CGT-04-juillet-ao\u00fbt-2017.pdf\">CLIQUER ICI<\/a><br \/>\n<\/strong><\/p>\n","protected":false},"excerpt":{"rendered":"<p>Sommaire : Page 1 : Edito d&rsquo;Alain Bard Page 2 : Loi Travail XXL : rassemblement \u00e0 Digne le 12 septembre Pages 3 \u00e0 5 : Gr\u00e8ve \u00e0 l&rsquo;h\u00f4pital d&rsquo;Entrevaux + Gr\u00e8ve \u00e0 l&rsquo;h\u00f4pital de Seyne les Alpes + Interview de C\u00e9dric Volait sur les EHPAD et les EPS Pages 6 et 7 : Mobilisation [&hellip;]<\/p>\n","protected":false},"author":1,"featured_media":0,"comment_status":"closed","ping_status":"closed","sticky":false,"template":"","format":"standard","meta":{"footnotes":""},"categories":[7],"tags":[],"views":1551,"_links":{"self":[{"href":"http:\/\/www.cgt-hopital-manosque.fr\/index.php?rest_route=\/wp\/v2\/posts\/5192"}],"collection":[{"href":"http:\/\/www.cgt-hopital-manosque.fr\/index.php?rest_route=\/wp\/v2\/posts"}],"about":[{"href":"http:\/\/www.cgt-hopital-manosque.fr\/index.php?rest_route=\/wp\/v2\/types\/post"}],"author":[{"embeddable":true,"href":"http:\/\/www.cgt-hopital-manosque.fr\/index.php?rest_route=\/wp\/v2\/users\/1"}],"replies":[{"embeddable":true,"href":"http:\/\/www.cgt-hopital-manosque.fr\/index.php?rest_route=%2Fwp%2Fv2%2Fcomments&post=5192"}],"version-history":[{"count":4,"href":"http:\/\/www.cgt-hopital-manosque.fr\/index.php?rest_route=\/wp\/v2\/posts\/5192\/revisions"}],"predecessor-version":[{"id":5198,"href":"http:\/\/www.cgt-hopital-manosque.fr\/index.php?rest_route=\/wp\/v2\/posts\/5192\/revisions\/5198"}],"wp:attachment":[{"href":"http:\/\/www.cgt-hopital-manosque.fr\/index.php?rest_route=%2Fwp%2Fv2%2Fmedia&parent=5192"}],"wp:term":[{"taxonomy":"category","embeddable":true,"href":"http:\/\/www.cgt-hopital-manosque.fr\/index.php?rest_route=%2Fwp%2Fv2%2Fcategories&post=5192"},{"taxonomy":"post_tag","embeddable":true,"href":"http:\/\/www.cgt-hopital-manosque.fr\/index.php?rest_route=%2Fwp%2Fv2%2Ftags&post=5192"}],"curies":[{"name":"wp","href":"https:\/\/api.w.org\/{rel}","templated":true}]}}