{"id":5200,"date":"2017-09-07T17:54:34","date_gmt":"2017-09-07T17:54:34","guid":{"rendered":"http:\/\/www.cgt-hopital-manosque.fr\/?p=5200"},"modified":"2017-09-07T18:37:31","modified_gmt":"2017-09-07T18:37:31","slug":"6-septembre-2017-actu-ehpad-et-eps-04-article-de-la-provence-sur-le-mouvement-de-greve-du-28-aout-a-seyne-les-alpes","status":"publish","type":"post","link":"http:\/\/www.cgt-hopital-manosque.fr\/?p=5200","title":{"rendered":"6 septembre 2017 &#8211; Actu EHPAD et EPS 04 &#8211; Article de \u00ab\u00a0La Provence\u00a0\u00bb sur le mouvement de gr\u00e8ve du 28 ao\u00fbt \u00e0 Seyne les Alpes"},"content":{"rendered":"<p style= \"text-align: justify;\"><strong><br \/>\n<strong>CLIQUER SUR L&rsquo;IMAGE POUR L&rsquo;AGRANDIR :<\/strong>\n<\/p>\n<p><a href=\"http:\/\/www.cgt-hopital-manosque.fr\/wp-content\/uploads\/2017\/09\/841.-La-Provence-EHPAD-du-1er-septembre-2017.jpg\"><img loading=\"lazy\" decoding=\"async\" src=\"http:\/\/www.cgt-hopital-manosque.fr\/wp-content\/uploads\/2017\/09\/841.-La-Provence-EHPAD-du-1er-septembre-2017.jpg\" alt=\"841. La Provence EHPAD du 1er septembre 2017\" width=\"2288\" height=\"2645\" class=\"aligncenter size-full wp-image-5202\" srcset=\"http:\/\/www.cgt-hopital-manosque.fr\/wp-content\/uploads\/2017\/09\/841.-La-Provence-EHPAD-du-1er-septembre-2017.jpg 2288w, http:\/\/www.cgt-hopital-manosque.fr\/wp-content\/uploads\/2017\/09\/841.-La-Provence-EHPAD-du-1er-septembre-2017-260x300.jpg 260w, http:\/\/www.cgt-hopital-manosque.fr\/wp-content\/uploads\/2017\/09\/841.-La-Provence-EHPAD-du-1er-septembre-2017-886x1024.jpg 886w\" sizes=\"(max-width: 2288px) 100vw, 2288px\" \/><\/a><\/p>\n<p style= \"text-align: justify;\"><strong> POUR CONSULTER NOTRE DOSSIER COMPLET SUR LES EHPAD \/ EPS \/ MAISONS DE RETRAITE DU DEPARTEMENT (AVEC LES DIFFERENTS ARTICLES ET TRACTS), <a href=\"http:\/\/www.cgt-hopital-manosque.fr\/?p=5208\" target=\"_blank\">CLIQUER ICI<\/a><\/strong><\/p>\n","protected":false},"excerpt":{"rendered":"<p>CLIQUER SUR L&rsquo;IMAGE POUR L&rsquo;AGRANDIR : POUR CONSULTER NOTRE DOSSIER COMPLET SUR LES EHPAD \/ EPS \/ MAISONS DE RETRAITE DU DEPARTEMENT (AVEC LES DIFFERENTS ARTICLES ET TRACTS), CLIQUER ICI<\/p>\n","protected":false},"author":1,"featured_media":0,"comment_status":"closed","ping_status":"closed","sticky":false,"template":"","format":"standard","meta":{"footnotes":""},"categories":[8],"tags":[],"views":1815,"_links":{"self":[{"href":"http:\/\/www.cgt-hopital-manosque.fr\/index.php?rest_route=\/wp\/v2\/posts\/5200"}],"collection":[{"href":"http:\/\/www.cgt-hopital-manosque.fr\/index.php?rest_route=\/wp\/v2\/posts"}],"about":[{"href":"http:\/\/www.cgt-hopital-manosque.fr\/index.php?rest_route=\/wp\/v2\/types\/post"}],"author":[{"embeddable":true,"href":"http:\/\/www.cgt-hopital-manosque.fr\/index.php?rest_route=\/wp\/v2\/users\/1"}],"replies":[{"embeddable":true,"href":"http:\/\/www.cgt-hopital-manosque.fr\/index.php?rest_route=%2Fwp%2Fv2%2Fcomments&post=5200"}],"version-history":[{"count":3,"href":"http:\/\/www.cgt-hopital-manosque.fr\/index.php?rest_route=\/wp\/v2\/posts\/5200\/revisions"}],"predecessor-version":[{"id":5239,"href":"http:\/\/www.cgt-hopital-manosque.fr\/index.php?rest_route=\/wp\/v2\/posts\/5200\/revisions\/5239"}],"wp:attachment":[{"href":"http:\/\/www.cgt-hopital-manosque.fr\/index.php?rest_route=%2Fwp%2Fv2%2Fmedia&parent=5200"}],"wp:term":[{"taxonomy":"category","embeddable":true,"href":"http:\/\/www.cgt-hopital-manosque.fr\/index.php?rest_route=%2Fwp%2Fv2%2Fcategories&post=5200"},{"taxonomy":"post_tag","embeddable":true,"href":"http:\/\/www.cgt-hopital-manosque.fr\/index.php?rest_route=%2Fwp%2Fv2%2Ftags&post=5200"}],"curies":[{"name":"wp","href":"https:\/\/api.w.org\/{rel}","templated":true}]}}