{"id":5252,"date":"2017-09-20T09:50:50","date_gmt":"2017-09-20T09:50:50","guid":{"rendered":"http:\/\/www.cgt-hopital-manosque.fr\/?p=5252"},"modified":"2017-09-20T09:52:58","modified_gmt":"2017-09-20T09:52:58","slug":"19-septembre-2017-loi-anti-travail-xxl-mobilisons-nous-le-21-septembre-a-manosque-a-digne-et-partout","status":"publish","type":"post","link":"http:\/\/www.cgt-hopital-manosque.fr\/?p=5252","title":{"rendered":"19 septembre 2017 &#8211; Loi Anti Travail XXL &#8211; Mobilisons nous le 21 septembre \u00e0 Manosque, \u00e0 Digne et partout"},"content":{"rendered":"<p style= \"text-align: justify;\">\n<p style= \"text-align: justify;\">Le 12 septembre a \u00e9t\u00e9 la premi\u00e8re journ\u00e9e de mobilisation contre La Loi Anti Travail XXL. Cela fut une belle r\u00e9ussite puisque dans toute la France, nous \u00e9tions quasiment aussi nombreux que lors des manifs de l&rsquo;ann\u00e9e derni\u00e8re malgr\u00e9 la d\u00e9fection d&rsquo;un autre syndicat. <\/p>\n<p style= \"text-align: justify;\">L&rsquo;UNL, Solidaires, la FSU et la CGT appellent les salari\u00e9s, les retrait\u00e9s, les priv\u00e9s d&#8217;emplois et les jeunes \u00e0 remettre \u00e7a le 21 septembre avec 2 temps forts dans le d\u00e9partement :<br \/>\n&#8211; Une manif \u00e0 Digne \u00e0 11h00 place du g\u00e9n\u00e9ral de Gaulle<br \/>\n&#8211; Une manif \u00e0 Manosque \u00e0 11h00 porte de la Saunerie<\/p>\n<p style= \"text-align: justify;\">Il est important de lutter pour nos droits mais \u00e9galement pour les droits de nos enfants et de nos petits-enfants. <\/p>\n<p style= \"text-align: justify;\">A la CGT, nous ne sommes ni dans la soumission ni dans la r\u00e9signation, c&rsquo;est pourquoi, m\u00eame si vous ne pouvez pas vous rendre \u00e0 la manif demain, nous vous invitons \u00e0 vous informer et faire connaitre autour de vous ce qui se passe. <\/p>\n<p style= \"text-align: justify;\">Pour avoir plus d&rsquo;informations (avec notamment un tableau Avant\/Apr\u00e8s), nous vous invitons \u00e0 consulter la page Facebook de la CGT 04 : <\/p>\n<p style= \"text-align: justify;\"><strong><a href=\"https:\/\/www.facebook.com\/CGT04\/ \"target=\"_blank\">CLIQUER ICI<\/a><\/strong><\/p>\n<p style= \"text-align: justify;\">Merci, \u00e0 bient\u00f4t, et on l\u00e2che rien ! <\/p>\n<p style= \"text-align: justify;\">\n<p><a href=\"http:\/\/www.cgt-hopital-manosque.fr\/wp-content\/uploads\/2017\/09\/845.-Manif-Loi-Travail-XXL-21-septembre.jpg\"><img loading=\"lazy\" decoding=\"async\" src=\"http:\/\/www.cgt-hopital-manosque.fr\/wp-content\/uploads\/2017\/09\/845.-Manif-Loi-Travail-XXL-21-septembre.jpg\" alt=\"845. Manif Loi Travail XXL 21 septembre\" width=\"645\" height=\"915\" class=\"aligncenter size-full wp-image-5253\" srcset=\"http:\/\/www.cgt-hopital-manosque.fr\/wp-content\/uploads\/2017\/09\/845.-Manif-Loi-Travail-XXL-21-septembre.jpg 645w, http:\/\/www.cgt-hopital-manosque.fr\/wp-content\/uploads\/2017\/09\/845.-Manif-Loi-Travail-XXL-21-septembre-211x300.jpg 211w\" sizes=\"(max-width: 645px) 100vw, 645px\" \/><\/a><\/p>\n","protected":false},"excerpt":{"rendered":"<p>Le 12 septembre a \u00e9t\u00e9 la premi\u00e8re journ\u00e9e de mobilisation contre La Loi Anti Travail XXL. Cela fut une belle r\u00e9ussite puisque dans toute la France, nous \u00e9tions quasiment aussi nombreux que lors des manifs de l&rsquo;ann\u00e9e derni\u00e8re malgr\u00e9 la d\u00e9fection d&rsquo;un autre syndicat. L&rsquo;UNL, Solidaires, la FSU et la CGT appellent les salari\u00e9s, les [&hellip;]<\/p>\n","protected":false},"author":1,"featured_media":0,"comment_status":"closed","ping_status":"closed","sticky":false,"template":"","format":"standard","meta":{"footnotes":""},"categories":[8],"tags":[],"views":1364,"_links":{"self":[{"href":"http:\/\/www.cgt-hopital-manosque.fr\/index.php?rest_route=\/wp\/v2\/posts\/5252"}],"collection":[{"href":"http:\/\/www.cgt-hopital-manosque.fr\/index.php?rest_route=\/wp\/v2\/posts"}],"about":[{"href":"http:\/\/www.cgt-hopital-manosque.fr\/index.php?rest_route=\/wp\/v2\/types\/post"}],"author":[{"embeddable":true,"href":"http:\/\/www.cgt-hopital-manosque.fr\/index.php?rest_route=\/wp\/v2\/users\/1"}],"replies":[{"embeddable":true,"href":"http:\/\/www.cgt-hopital-manosque.fr\/index.php?rest_route=%2Fwp%2Fv2%2Fcomments&post=5252"}],"version-history":[{"count":3,"href":"http:\/\/www.cgt-hopital-manosque.fr\/index.php?rest_route=\/wp\/v2\/posts\/5252\/revisions"}],"predecessor-version":[{"id":5256,"href":"http:\/\/www.cgt-hopital-manosque.fr\/index.php?rest_route=\/wp\/v2\/posts\/5252\/revisions\/5256"}],"wp:attachment":[{"href":"http:\/\/www.cgt-hopital-manosque.fr\/index.php?rest_route=%2Fwp%2Fv2%2Fmedia&parent=5252"}],"wp:term":[{"taxonomy":"category","embeddable":true,"href":"http:\/\/www.cgt-hopital-manosque.fr\/index.php?rest_route=%2Fwp%2Fv2%2Fcategories&post=5252"},{"taxonomy":"post_tag","embeddable":true,"href":"http:\/\/www.cgt-hopital-manosque.fr\/index.php?rest_route=%2Fwp%2Fv2%2Ftags&post=5252"}],"curies":[{"name":"wp","href":"https:\/\/api.w.org\/{rel}","templated":true}]}}