{"id":5257,"date":"2017-09-24T16:52:00","date_gmt":"2017-09-24T16:52:00","guid":{"rendered":"http:\/\/www.cgt-hopital-manosque.fr\/?p=5257"},"modified":"2017-09-24T16:55:31","modified_gmt":"2017-09-24T16:55:31","slug":"24-septembre-2017-reportage-tres-interessant-denvoye-special-du-jeudi-7-septembre-2017-dernier-intitule-hopital-public-la-loi-du-marche","status":"publish","type":"post","link":"http:\/\/www.cgt-hopital-manosque.fr\/?p=5257","title":{"rendered":"24 septembre 2017 &#8211; Reportage tr\u00e8s int\u00e9ressant d\u2019Envoy\u00e9 Sp\u00e9cial du jeudi 7 septembre 2017 dernier intitul\u00e9 \u00ab H\u00f4pital public, la loi du march\u00e9 \u00bb"},"content":{"rendered":"<p><a href=\"http:\/\/www.cgt-hopital-manosque.fr\/wp-content\/uploads\/2017\/09\/846.-Emmission-Envoy\u00e9-Sp\u00e9cial-H\u00f4pital-public.jpg\"><img loading=\"lazy\" decoding=\"async\" src=\"http:\/\/www.cgt-hopital-manosque.fr\/wp-content\/uploads\/2017\/09\/846.-Emmission-Envoy\u00e9-Sp\u00e9cial-H\u00f4pital-public.jpg\" alt=\"846. Emmission Envoy\u00e9 Sp\u00e9cial H\u00f4pital public\" width=\"800\" height=\"533\" class=\"aligncenter size-full wp-image-5258\" srcset=\"http:\/\/www.cgt-hopital-manosque.fr\/wp-content\/uploads\/2017\/09\/846.-Emmission-Envoy\u00e9-Sp\u00e9cial-H\u00f4pital-public.jpg 800w, http:\/\/www.cgt-hopital-manosque.fr\/wp-content\/uploads\/2017\/09\/846.-Emmission-Envoy\u00e9-Sp\u00e9cial-H\u00f4pital-public-300x200.jpg 300w\" sizes=\"(max-width: 800px) 100vw, 800px\" \/><\/a><\/p>\n<p style= \"text-align: justify;\">Quelques \u00e9l\u00e9ments qui ressortent :<br \/>\n&#8211; La critique profonde de la T2A et de l\u2019endettement des h\u00f4pitaux qui ont profond\u00e9ment impact\u00e9 de mani\u00e8re tr\u00e8s n\u00e9gative la situation des h\u00f4pitaux aujourd\u2019hui. Il faudrait supprimer la T2A mais \u00e9galement supprimer la dette des h\u00f4pitaux. <\/p>\n<p style= \"text-align: justify;\">&#8211; Il y a un tr\u00e8s bon retour des personnels vis-\u00e0-vis de ce reportage qui traite d\u2019un sujet assez sensible. <\/p>\n<p style= \"text-align: justify;\">&#8211; La CGT et ses militants sont en premi\u00e8re ligne (pour ne pas dire les seuls) pour briser l\u2019omerta qui r\u00e8gne sur la situation d\u00e9plorable de nos \u00e9tablissements. <\/p>\n<p style= \"text-align: justify;\">&#8211; Ce qui s\u2019est pass\u00e9 \u00e0 Saint Martin, dans les DOM, montre l\u2019\u00e9tat de d\u00e9gradation des services publics, du tissu hospitalier, et l\u2019incapacit\u00e9 de l\u2019Etat \u00e0 r\u00e9pondre \u00e0 la souffrance des populations. C\u2019est important parce que c\u2019est ce qui risque de nous arrivait aussi en m\u00e9tropole. Le sous-investissement en particulier dans le secteur de la sant\u00e9, la d\u00e9gradation des CHU, avec le garant financier qui en permanence ne permet pas de r\u00e9pondre aux besoins de la population et \u00e0 la fermeture des sites de proximit\u00e9. En ce moment l\u2019AP-HP, le plus grand CHU d\u2019Europe subit une op\u00e9ration de d\u00e9mant\u00e8lement massive avec la fermeture programm\u00e9e de 5 \u00e9tablissements. <\/p>\n<p style= \"text-align: justify;\">&#8211; Et les vieux et les handicap\u00e9s ? On s\u2019en fout dans la soci\u00e9t\u00e9 marchande ! On va fermer un h\u00f4pital de r\u00e9putation mondiale \u00e0 Garches, c\u2019est une strat\u00e9gie concert\u00e9e puisqu\u2019\u00e0 Lyon l\u2019h\u00f4pital Henry-Gabrielle est aussi sur la sellette. Car ces deux h\u00f4pitaux sont sur une zone g\u00e9ographique o\u00f9 le foncier vaut tr\u00e8s cher, et l\u2019op\u00e9ration c\u2019est de r\u00e9cup\u00e9rer les terrains. Les personnes handicap\u00e9s qui sont l\u00e0 pour des semaines ou des mois pour certains hospitalis\u00e9s, on va les mettre les mettre en hauteur dans des hauts b\u00e2timents, et ils n\u2019auront plus de parcs. Les parcs ont les vend pour r\u00e9aliser des op\u00e9rations immobili\u00e8res. Et tout \u00e7a, c\u2019est important de le sortir de nos h\u00f4pitaux et de le mettre sur la place publique, comme cela a \u00e9t\u00e9 le cas dans le reportage d\u2019Envoy\u00e9 Sp\u00e9cial. <\/p>\n<p style= \"text-align: justify;\">&#8211; En discutant avec les gens on se rend compte qu&rsquo;Il y a deux choses pour lesquelles les populations sont particuli\u00e8rement sensibles, et nous y sommes en plein dedans :<br \/>\n\u2022\tC\u2019est la d\u00e9gradation des conditions de travail<br \/>\n\u2022\tC\u2019est l\u2019\u00e9tranglement financier<\/p>\n<p style= \"text-align: justify;\">De m\u00eame, face \u00e0 la souffrance au travail, il y a deux choix qui s\u2019offrent aux personnels et plus globalement aux populations :<br \/>\n\u2022\tC\u2019est la d\u00e9sesp\u00e9rance et le repli sur soi<br \/>\n\u2022\tEt c\u2019est la lutte<\/p>\n<p style= \"text-align: justify;\">&#8211; On y voit \u00e9galement le management d\u00e9shumanis\u00e9s de nos \u00e9tablissements et la pratique du \u00ab\u00a0Lean Management\u00a0\u00bb, m\u00e9thode emprunt\u00e9e au Toyotisme et son \u00abLean manufacturing\u00bb, qui essaie de diminuer \u00e0 l&rsquo;extr\u00eame le gaspillage dans l&rsquo;organisation du travail, poussant les \u00e9quipes \u00e0 bout, d\u00e9t\u00e9riorant la qualit\u00e9 des soins prodigu\u00e9s au patient. <\/p>\n<p style= \"text-align: justify;\">&#8211; Et que dire des EHPAD ? Dans notre d\u00e9partement, il y en a un grand nombre :<br \/>\n\u2022\tAujourd\u2019hui c\u2019est Germinal qu\u2019on soit dans le public et dans le priv\u00e9<br \/>\n\u2022\tDes pressions de plus en plus fortes sur les personnels<br \/>\n\u2022\tLes difficult\u00e9s engendr\u00e9es par l\u2019arr\u00eat des CAE dans notre secteur d\u2019activit\u00e9 : cela cr\u00e9e d\u2019\u00e9norme probl\u00e8me de gestion des plannings et une nouvelle vague de retour \u00e0 la pr\u00e9carisation<br \/>\n\u2022\tLa nouvelle tarification des EHPAD avec les CPOM (les Contrats Pluriannuels d\u2019Objectifs et de Moyens) qui vont r\u00e9duire les subventions des \u00e9tablissements. Combien de millions d\u2019euros en moins et combien de salari\u00e9s en moins ? La FHF a dit il n\u2019y a pas tr\u00e8s longtemps que \u00e7a correspond \u00e0 200 millions d\u2019euros en moins dans les EHPAD en France. La situation devient intenable. <\/p>\n<p style= \"text-align: justify;\"><strong> POUR VOIR OU REVOIR LE REPORTAGE COMPLET, <a href=\"https:\/\/www.youtube.com\/watch?v=9HBENNoNWSY\n\"target=\"_blank\">CLIQUER ICI<\/a><\/strong><\/p>\n","protected":false},"excerpt":{"rendered":"<p>Quelques \u00e9l\u00e9ments qui ressortent : &#8211; La critique profonde de la T2A et de l\u2019endettement des h\u00f4pitaux qui ont profond\u00e9ment impact\u00e9 de mani\u00e8re tr\u00e8s n\u00e9gative la situation des h\u00f4pitaux aujourd\u2019hui. Il faudrait supprimer la T2A mais \u00e9galement supprimer la dette des h\u00f4pitaux. &#8211; Il y a un tr\u00e8s bon retour des personnels vis-\u00e0-vis de ce [&hellip;]<\/p>\n","protected":false},"author":1,"featured_media":0,"comment_status":"closed","ping_status":"closed","sticky":false,"template":"","format":"standard","meta":{"footnotes":""},"categories":[8],"tags":[],"views":1490,"_links":{"self":[{"href":"http:\/\/www.cgt-hopital-manosque.fr\/index.php?rest_route=\/wp\/v2\/posts\/5257"}],"collection":[{"href":"http:\/\/www.cgt-hopital-manosque.fr\/index.php?rest_route=\/wp\/v2\/posts"}],"about":[{"href":"http:\/\/www.cgt-hopital-manosque.fr\/index.php?rest_route=\/wp\/v2\/types\/post"}],"author":[{"embeddable":true,"href":"http:\/\/www.cgt-hopital-manosque.fr\/index.php?rest_route=\/wp\/v2\/users\/1"}],"replies":[{"embeddable":true,"href":"http:\/\/www.cgt-hopital-manosque.fr\/index.php?rest_route=%2Fwp%2Fv2%2Fcomments&post=5257"}],"version-history":[{"count":4,"href":"http:\/\/www.cgt-hopital-manosque.fr\/index.php?rest_route=\/wp\/v2\/posts\/5257\/revisions"}],"predecessor-version":[{"id":5262,"href":"http:\/\/www.cgt-hopital-manosque.fr\/index.php?rest_route=\/wp\/v2\/posts\/5257\/revisions\/5262"}],"wp:attachment":[{"href":"http:\/\/www.cgt-hopital-manosque.fr\/index.php?rest_route=%2Fwp%2Fv2%2Fmedia&parent=5257"}],"wp:term":[{"taxonomy":"category","embeddable":true,"href":"http:\/\/www.cgt-hopital-manosque.fr\/index.php?rest_route=%2Fwp%2Fv2%2Fcategories&post=5257"},{"taxonomy":"post_tag","embeddable":true,"href":"http:\/\/www.cgt-hopital-manosque.fr\/index.php?rest_route=%2Fwp%2Fv2%2Ftags&post=5257"}],"curies":[{"name":"wp","href":"https:\/\/api.w.org\/{rel}","templated":true}]}}