{"id":5264,"date":"2017-10-04T14:08:30","date_gmt":"2017-10-04T14:08:30","guid":{"rendered":"http:\/\/www.cgt-hopital-manosque.fr\/?p=5264"},"modified":"2017-10-04T14:08:30","modified_gmt":"2017-10-04T14:08:30","slug":"3-octobre-2017-le-journal-de-lud-cgt-04-de-septembre-2017","status":"publish","type":"post","link":"http:\/\/www.cgt-hopital-manosque.fr\/?p=5264","title":{"rendered":"3 octobre 2017 &#8211; Le journal de l&rsquo;UD CGT 04 de septembre 2017"},"content":{"rendered":"<p><a href=\"http:\/\/www.cgt-hopital-manosque.fr\/wp-content\/uploads\/2017\/10\/848.-Journal-UD-CGT-04-septembre-2017.jpg\"><img loading=\"lazy\" decoding=\"async\" src=\"http:\/\/www.cgt-hopital-manosque.fr\/wp-content\/uploads\/2017\/10\/848.-Journal-UD-CGT-04-septembre-2017.jpg\" alt=\"848. Journal UD CGT 04 septembre 2017\" width=\"637\" height=\"905\" class=\"aligncenter size-full wp-image-5265\" srcset=\"http:\/\/www.cgt-hopital-manosque.fr\/wp-content\/uploads\/2017\/10\/848.-Journal-UD-CGT-04-septembre-2017.jpg 637w, http:\/\/www.cgt-hopital-manosque.fr\/wp-content\/uploads\/2017\/10\/848.-Journal-UD-CGT-04-septembre-2017-211x300.jpg 211w\" sizes=\"(max-width: 637px) 100vw, 637px\" \/><\/a><\/p>\n<p style= \"text-align: justify;\"><strong><\/p>\n<p style= \"text-align: justify;\"><strong><br \/>\nSommaire : <\/p>\n<p style= \"text-align: justify;\">Page 1 : Edito de C\u00e9dric Volait <\/p>\n<p style= \"text-align: justify;\">Pages 2 \u00e0 4 : Loi Anti Travail XXL : tract et manifs <\/p>\n<p style= \"text-align: justify;\">Pages 5 et 6 : Gr\u00e8ve \u00e0 Seyne les Alpes et actualit\u00e9 des EHPAD du d\u00e9partement <\/p>\n<p style= \"text-align: justify;\">Page 7 : Accompagnement du handicap, au secours ! CGT ADAPEI 04 <\/p>\n<p style= \"text-align: justify;\">Page 8 : Formation \u00ab\u00a0OQVS\u00a0\u00bb + Soir\u00e9e Ch\u00e2taignes <\/p>\n<p style= \"text-align: justify;\">Page 9 : Droit \u00e0 l&rsquo;avortement + Suppression des contrats aid\u00e9s<\/p>\n<p style= \"text-align: justify;\">Page 10 : Sauvegarde des bureaux de poste + Le nouveau livre de Georges Seguy <\/p>\n<p style= \"text-align: justify;\"> Page 11 : F\u00eate de la CGT du 2 septembre + Manif des retrait\u00e9s <\/p>\n<p style= \"text-align: justify;\"> Page 12 : Journ\u00e9e de mobilisation fonction publique du 10 octobre <\/p>\n<p style= \"text-align: justify;\">\n<p style= \"text-align: justify;\">\nPOUR CONSULTER LE JOURNAL COMPLET, <a href=\"http:\/\/www.cgt-hopital-manosque.fr\/wp-content\/uploads\/2017\/10\/848.-Journal-UD-CGT-04-septembre-2017.pdf\">CLIQUER ICI<\/a><br \/>\n<\/strong><\/p>\n","protected":false},"excerpt":{"rendered":"<p>Sommaire : Page 1 : Edito de C\u00e9dric Volait Pages 2 \u00e0 4 : Loi Anti Travail XXL : tract et manifs Pages 5 et 6 : Gr\u00e8ve \u00e0 Seyne les Alpes et actualit\u00e9 des EHPAD du d\u00e9partement Page 7 : Accompagnement du handicap, au secours ! CGT ADAPEI 04 Page 8 : Formation \u00ab\u00a0OQVS\u00a0\u00bb [&hellip;]<\/p>\n","protected":false},"author":1,"featured_media":0,"comment_status":"closed","ping_status":"closed","sticky":false,"template":"","format":"standard","meta":{"footnotes":""},"categories":[7],"tags":[],"views":1830,"_links":{"self":[{"href":"http:\/\/www.cgt-hopital-manosque.fr\/index.php?rest_route=\/wp\/v2\/posts\/5264"}],"collection":[{"href":"http:\/\/www.cgt-hopital-manosque.fr\/index.php?rest_route=\/wp\/v2\/posts"}],"about":[{"href":"http:\/\/www.cgt-hopital-manosque.fr\/index.php?rest_route=\/wp\/v2\/types\/post"}],"author":[{"embeddable":true,"href":"http:\/\/www.cgt-hopital-manosque.fr\/index.php?rest_route=\/wp\/v2\/users\/1"}],"replies":[{"embeddable":true,"href":"http:\/\/www.cgt-hopital-manosque.fr\/index.php?rest_route=%2Fwp%2Fv2%2Fcomments&post=5264"}],"version-history":[{"count":1,"href":"http:\/\/www.cgt-hopital-manosque.fr\/index.php?rest_route=\/wp\/v2\/posts\/5264\/revisions"}],"predecessor-version":[{"id":5267,"href":"http:\/\/www.cgt-hopital-manosque.fr\/index.php?rest_route=\/wp\/v2\/posts\/5264\/revisions\/5267"}],"wp:attachment":[{"href":"http:\/\/www.cgt-hopital-manosque.fr\/index.php?rest_route=%2Fwp%2Fv2%2Fmedia&parent=5264"}],"wp:term":[{"taxonomy":"category","embeddable":true,"href":"http:\/\/www.cgt-hopital-manosque.fr\/index.php?rest_route=%2Fwp%2Fv2%2Fcategories&post=5264"},{"taxonomy":"post_tag","embeddable":true,"href":"http:\/\/www.cgt-hopital-manosque.fr\/index.php?rest_route=%2Fwp%2Fv2%2Ftags&post=5264"}],"curies":[{"name":"wp","href":"https:\/\/api.w.org\/{rel}","templated":true}]}}