{"id":5268,"date":"2017-10-04T14:10:41","date_gmt":"2017-10-04T14:10:41","guid":{"rendered":"http:\/\/www.cgt-hopital-manosque.fr\/?p=5268"},"modified":"2017-10-04T14:10:41","modified_gmt":"2017-10-04T14:10:41","slug":"4-octobre-2017-tract-usd-cgt-sante-et-action-sociale-04-journee-de-greve-et-de-mobilisation-fonction-publique-du-10-octobre","status":"publish","type":"post","link":"http:\/\/www.cgt-hopital-manosque.fr\/?p=5268","title":{"rendered":"4 octobre 2017 &#8211; Tract USD CGT Sant\u00e9 et Action Sociale 04 &#8211; Journ\u00e9e de gr\u00e8ve et de mobilisation Fonction Publique du 10 octobre"},"content":{"rendered":"<p><a href=\"http:\/\/www.cgt-hopital-manosque.fr\/wp-content\/uploads\/2017\/10\/849.-Tract-CGT-Fonction-Publique-10-octobre.jpg\"><img loading=\"lazy\" decoding=\"async\" src=\"http:\/\/www.cgt-hopital-manosque.fr\/wp-content\/uploads\/2017\/10\/849.-Tract-CGT-Fonction-Publique-10-octobre.jpg\" alt=\"849. Tract CGT Fonction Publique 10 octobre\" width=\"675\" height=\"955\" class=\"aligncenter size-full wp-image-5270\" srcset=\"http:\/\/www.cgt-hopital-manosque.fr\/wp-content\/uploads\/2017\/10\/849.-Tract-CGT-Fonction-Publique-10-octobre.jpg 675w, http:\/\/www.cgt-hopital-manosque.fr\/wp-content\/uploads\/2017\/10\/849.-Tract-CGT-Fonction-Publique-10-octobre-212x300.jpg 212w\" sizes=\"(max-width: 675px) 100vw, 675px\" \/><\/a><\/p>\n","protected":false},"excerpt":{"rendered":"","protected":false},"author":1,"featured_media":0,"comment_status":"closed","ping_status":"closed","sticky":false,"template":"","format":"standard","meta":{"footnotes":""},"categories":[1],"tags":[],"views":1825,"_links":{"self":[{"href":"http:\/\/www.cgt-hopital-manosque.fr\/index.php?rest_route=\/wp\/v2\/posts\/5268"}],"collection":[{"href":"http:\/\/www.cgt-hopital-manosque.fr\/index.php?rest_route=\/wp\/v2\/posts"}],"about":[{"href":"http:\/\/www.cgt-hopital-manosque.fr\/index.php?rest_route=\/wp\/v2\/types\/post"}],"author":[{"embeddable":true,"href":"http:\/\/www.cgt-hopital-manosque.fr\/index.php?rest_route=\/wp\/v2\/users\/1"}],"replies":[{"embeddable":true,"href":"http:\/\/www.cgt-hopital-manosque.fr\/index.php?rest_route=%2Fwp%2Fv2%2Fcomments&post=5268"}],"version-history":[{"count":1,"href":"http:\/\/www.cgt-hopital-manosque.fr\/index.php?rest_route=\/wp\/v2\/posts\/5268\/revisions"}],"predecessor-version":[{"id":5271,"href":"http:\/\/www.cgt-hopital-manosque.fr\/index.php?rest_route=\/wp\/v2\/posts\/5268\/revisions\/5271"}],"wp:attachment":[{"href":"http:\/\/www.cgt-hopital-manosque.fr\/index.php?rest_route=%2Fwp%2Fv2%2Fmedia&parent=5268"}],"wp:term":[{"taxonomy":"category","embeddable":true,"href":"http:\/\/www.cgt-hopital-manosque.fr\/index.php?rest_route=%2Fwp%2Fv2%2Fcategories&post=5268"},{"taxonomy":"post_tag","embeddable":true,"href":"http:\/\/www.cgt-hopital-manosque.fr\/index.php?rest_route=%2Fwp%2Fv2%2Ftags&post=5268"}],"curies":[{"name":"wp","href":"https:\/\/api.w.org\/{rel}","templated":true}]}}