{"id":5279,"date":"2017-10-07T14:13:12","date_gmt":"2017-10-07T14:13:12","guid":{"rendered":"http:\/\/www.cgt-hopital-manosque.fr\/?p=5279"},"modified":"2017-10-07T14:13:12","modified_gmt":"2017-10-07T14:13:12","slug":"8-octobre-2017-bonjour-comment-est-verse-le-supplement-familial-de-traitement-sft-en-cas-de-garde-alternee","status":"publish","type":"post","link":"http:\/\/www.cgt-hopital-manosque.fr\/?p=5279","title":{"rendered":"8 octobre 2017 &#8211; Bonjour, comment est vers\u00e9 le suppl\u00e9ment familial de traitement ( SFT ) en cas de garde altern\u00e9e ?"},"content":{"rendered":"<p><a href=\"http:\/\/www.cgt-hopital-manosque.fr\/wp-content\/uploads\/2015\/10\/642.-Question-r\u00e9ponse-sur-la-maladie-et-la-retraite.png\"><img loading=\"lazy\" decoding=\"async\" src=\"http:\/\/www.cgt-hopital-manosque.fr\/wp-content\/uploads\/2015\/10\/642.-Question-r\u00e9ponse-sur-la-maladie-et-la-retraite.png\" alt=\"Question r\u00e9ponse sur la maladie et la retraite CGT\" width=\"380\" height=\"140\" class=\"aligncenter size-full wp-image-3844\" srcset=\"http:\/\/www.cgt-hopital-manosque.fr\/wp-content\/uploads\/2015\/10\/642.-Question-r\u00e9ponse-sur-la-maladie-et-la-retraite.png 380w, http:\/\/www.cgt-hopital-manosque.fr\/wp-content\/uploads\/2015\/10\/642.-Question-r\u00e9ponse-sur-la-maladie-et-la-retraite-300x111.png 300w\" sizes=\"(max-width: 380px) 100vw, 380px\" \/><\/a><\/p>\n<p><a href=\"http:\/\/www.cgt-hopital-manosque.fr\/wp-content\/uploads\/2017\/10\/852.-SFT-et-garde-altern\u00e9e-1-sur-3.jpg\"><img loading=\"lazy\" decoding=\"async\" src=\"http:\/\/www.cgt-hopital-manosque.fr\/wp-content\/uploads\/2017\/10\/852.-SFT-et-garde-altern\u00e9e-1-sur-3.jpg\" alt=\"852. SFT et garde altern\u00e9e (1 sur 3)\" width=\"619\" height=\"907\" class=\"aligncenter size-full wp-image-5280\" srcset=\"http:\/\/www.cgt-hopital-manosque.fr\/wp-content\/uploads\/2017\/10\/852.-SFT-et-garde-altern\u00e9e-1-sur-3.jpg 619w, http:\/\/www.cgt-hopital-manosque.fr\/wp-content\/uploads\/2017\/10\/852.-SFT-et-garde-altern\u00e9e-1-sur-3-205x300.jpg 205w\" sizes=\"(max-width: 619px) 100vw, 619px\" \/><\/a><\/p>\n<p><a href=\"http:\/\/www.cgt-hopital-manosque.fr\/wp-content\/uploads\/2017\/10\/852.-SFT-et-garde-altern\u00e9e-2-sur-3.jpg\"><img loading=\"lazy\" decoding=\"async\" src=\"http:\/\/www.cgt-hopital-manosque.fr\/wp-content\/uploads\/2017\/10\/852.-SFT-et-garde-altern\u00e9e-2-sur-3.jpg\" alt=\"852. SFT et garde altern\u00e9e (2 sur 3)\" width=\"624\" height=\"762\" class=\"aligncenter size-full wp-image-5281\" srcset=\"http:\/\/www.cgt-hopital-manosque.fr\/wp-content\/uploads\/2017\/10\/852.-SFT-et-garde-altern\u00e9e-2-sur-3.jpg 624w, http:\/\/www.cgt-hopital-manosque.fr\/wp-content\/uploads\/2017\/10\/852.-SFT-et-garde-altern\u00e9e-2-sur-3-246x300.jpg 246w\" sizes=\"(max-width: 624px) 100vw, 624px\" \/><\/a><\/p>\n<p><a href=\"http:\/\/www.cgt-hopital-manosque.fr\/wp-content\/uploads\/2017\/10\/852.-SFT-et-garde-altern\u00e9e-3-sur-3.jpg\"><img loading=\"lazy\" decoding=\"async\" src=\"http:\/\/www.cgt-hopital-manosque.fr\/wp-content\/uploads\/2017\/10\/852.-SFT-et-garde-altern\u00e9e-3-sur-3.jpg\" alt=\"852. SFT et garde altern\u00e9e (3 sur 3)\" width=\"635\" height=\"753\" class=\"aligncenter size-full wp-image-5282\" srcset=\"http:\/\/www.cgt-hopital-manosque.fr\/wp-content\/uploads\/2017\/10\/852.-SFT-et-garde-altern\u00e9e-3-sur-3.jpg 635w, http:\/\/www.cgt-hopital-manosque.fr\/wp-content\/uploads\/2017\/10\/852.-SFT-et-garde-altern\u00e9e-3-sur-3-253x300.jpg 253w\" sizes=\"(max-width: 635px) 100vw, 635px\" \/><\/a><\/p>\n","protected":false},"excerpt":{"rendered":"","protected":false},"author":1,"featured_media":0,"comment_status":"closed","ping_status":"closed","sticky":false,"template":"","format":"standard","meta":{"footnotes":""},"categories":[5],"tags":[],"views":1581,"_links":{"self":[{"href":"http:\/\/www.cgt-hopital-manosque.fr\/index.php?rest_route=\/wp\/v2\/posts\/5279"}],"collection":[{"href":"http:\/\/www.cgt-hopital-manosque.fr\/index.php?rest_route=\/wp\/v2\/posts"}],"about":[{"href":"http:\/\/www.cgt-hopital-manosque.fr\/index.php?rest_route=\/wp\/v2\/types\/post"}],"author":[{"embeddable":true,"href":"http:\/\/www.cgt-hopital-manosque.fr\/index.php?rest_route=\/wp\/v2\/users\/1"}],"replies":[{"embeddable":true,"href":"http:\/\/www.cgt-hopital-manosque.fr\/index.php?rest_route=%2Fwp%2Fv2%2Fcomments&post=5279"}],"version-history":[{"count":1,"href":"http:\/\/www.cgt-hopital-manosque.fr\/index.php?rest_route=\/wp\/v2\/posts\/5279\/revisions"}],"predecessor-version":[{"id":5283,"href":"http:\/\/www.cgt-hopital-manosque.fr\/index.php?rest_route=\/wp\/v2\/posts\/5279\/revisions\/5283"}],"wp:attachment":[{"href":"http:\/\/www.cgt-hopital-manosque.fr\/index.php?rest_route=%2Fwp%2Fv2%2Fmedia&parent=5279"}],"wp:term":[{"taxonomy":"category","embeddable":true,"href":"http:\/\/www.cgt-hopital-manosque.fr\/index.php?rest_route=%2Fwp%2Fv2%2Fcategories&post=5279"},{"taxonomy":"post_tag","embeddable":true,"href":"http:\/\/www.cgt-hopital-manosque.fr\/index.php?rest_route=%2Fwp%2Fv2%2Ftags&post=5279"}],"curies":[{"name":"wp","href":"https:\/\/api.w.org\/{rel}","templated":true}]}}