{"id":5292,"date":"2017-10-15T20:02:24","date_gmt":"2017-10-15T20:02:24","guid":{"rendered":"http:\/\/www.cgt-hopital-manosque.fr\/?p=5292"},"modified":"2017-10-15T20:31:43","modified_gmt":"2017-10-15T20:31:43","slug":"15-octobre-2017-le-clip-les-blues-blanches-la-realite-des-infirmieres-et-infirmiers-en-chanson-relatant-le-blues-des-blouses-blanches","status":"publish","type":"post","link":"http:\/\/www.cgt-hopital-manosque.fr\/?p=5292","title":{"rendered":"15 octobre 2017 &#8211; Le clip \u00ab Les Blues Blanches \u00bb, la r\u00e9alit\u00e9 des infirmi\u00e8res et infirmiers en chanson relatant le blues des blouses blanches"},"content":{"rendered":"<p><a href=\"http:\/\/www.cgt-hopital-manosque.fr\/wp-content\/uploads\/2017\/10\/853.-Clip-Les-Blues-Blanches.jpg\"><img loading=\"lazy\" decoding=\"async\" src=\"http:\/\/www.cgt-hopital-manosque.fr\/wp-content\/uploads\/2017\/10\/853.-Clip-Les-Blues-Blanches.jpg\" alt=\"Clip Les Blues Blanches\" width=\"654\" height=\"396\" class=\"aligncenter size-full wp-image-5293\" srcset=\"http:\/\/www.cgt-hopital-manosque.fr\/wp-content\/uploads\/2017\/10\/853.-Clip-Les-Blues-Blanches.jpg 654w, http:\/\/www.cgt-hopital-manosque.fr\/wp-content\/uploads\/2017\/10\/853.-Clip-Les-Blues-Blanches-300x182.jpg 300w\" sizes=\"(max-width: 654px) 100vw, 654px\" \/><\/a><\/p>\n<p style= \"text-align: justify;\">Maxime Dro, infirmier de 36 ans, a compos\u00e9 la chanson \u00ab\u00a0Les Blues Blanches\u00a0\u00bb pour d\u00e9noncer les difficult\u00e9s quotidiennes du personnel hospitalier. <\/p>\n<p style= \"text-align: justify;\">Infirmier aux urgences d\u2019Eaubonne en \u00cele-de-France, Maxime Dro a mobilis\u00e9 85 de ses coll\u00e8gues pour son clip \u00ab Les Blues Blanches \u00bb. Infirmiers, brancardiers, aides-soignants et m\u00eame quelques m\u00e9decins, tous les figurants de la vid\u00e9o travaillent au service des urgences ou des soins intensifs de l\u2019h\u00f4pital. <\/p>\n<p style= \"text-align: justify;\">Maxime Dro et ses coll\u00e8gues souhaitent montrer au grand public la difficult\u00e9 de leur m\u00e9tier et la dure r\u00e9alit\u00e9 de leur quotidien : \u00ab La blouse blanche que j\u2019ai sur moi ne me rend pas plus fort que toi \u00bb. Le clip est sobre, pr\u00e9f\u00e9rant mettre en avant les paroles poignantes de l\u2019infirmier. <\/p>\n<p style= \"text-align: justify;\">Le morceau passe \u00e9galement des extraits sonores de JT, \u00e9voquant des sujets tels que la gr\u00e8ve des infirmiers, le manque de personnel, la col\u00e8re des soignants, des infirmiers \u00e9puis\u00e9s, etc. <\/p>\n<p style= \"text-align: justify;\"><strong> POUR VISIONNER LE CLIP, <a href=\"https:\/\/www.youtube.com\/watch?v=VmWSK7KPvtM\"target=\"_blank\">CLIQUER ICI<\/a><\/strong><\/p>\n","protected":false},"excerpt":{"rendered":"<p>Maxime Dro, infirmier de 36 ans, a compos\u00e9 la chanson \u00ab\u00a0Les Blues Blanches\u00a0\u00bb pour d\u00e9noncer les difficult\u00e9s quotidiennes du personnel hospitalier. Infirmier aux urgences d\u2019Eaubonne en \u00cele-de-France, Maxime Dro a mobilis\u00e9 85 de ses coll\u00e8gues pour son clip \u00ab Les Blues Blanches \u00bb. Infirmiers, brancardiers, aides-soignants et m\u00eame quelques m\u00e9decins, tous les figurants de la [&hellip;]<\/p>\n","protected":false},"author":1,"featured_media":0,"comment_status":"closed","ping_status":"closed","sticky":false,"template":"","format":"standard","meta":{"footnotes":""},"categories":[8],"tags":[],"views":1522,"_links":{"self":[{"href":"http:\/\/www.cgt-hopital-manosque.fr\/index.php?rest_route=\/wp\/v2\/posts\/5292"}],"collection":[{"href":"http:\/\/www.cgt-hopital-manosque.fr\/index.php?rest_route=\/wp\/v2\/posts"}],"about":[{"href":"http:\/\/www.cgt-hopital-manosque.fr\/index.php?rest_route=\/wp\/v2\/types\/post"}],"author":[{"embeddable":true,"href":"http:\/\/www.cgt-hopital-manosque.fr\/index.php?rest_route=\/wp\/v2\/users\/1"}],"replies":[{"embeddable":true,"href":"http:\/\/www.cgt-hopital-manosque.fr\/index.php?rest_route=%2Fwp%2Fv2%2Fcomments&post=5292"}],"version-history":[{"count":2,"href":"http:\/\/www.cgt-hopital-manosque.fr\/index.php?rest_route=\/wp\/v2\/posts\/5292\/revisions"}],"predecessor-version":[{"id":5305,"href":"http:\/\/www.cgt-hopital-manosque.fr\/index.php?rest_route=\/wp\/v2\/posts\/5292\/revisions\/5305"}],"wp:attachment":[{"href":"http:\/\/www.cgt-hopital-manosque.fr\/index.php?rest_route=%2Fwp%2Fv2%2Fmedia&parent=5292"}],"wp:term":[{"taxonomy":"category","embeddable":true,"href":"http:\/\/www.cgt-hopital-manosque.fr\/index.php?rest_route=%2Fwp%2Fv2%2Fcategories&post=5292"},{"taxonomy":"post_tag","embeddable":true,"href":"http:\/\/www.cgt-hopital-manosque.fr\/index.php?rest_route=%2Fwp%2Fv2%2Ftags&post=5292"}],"curies":[{"name":"wp","href":"https:\/\/api.w.org\/{rel}","templated":true}]}}