{"id":5295,"date":"2017-10-15T20:21:05","date_gmt":"2017-10-15T20:21:05","guid":{"rendered":"http:\/\/www.cgt-hopital-manosque.fr\/?p=5295"},"modified":"2017-10-15T20:32:02","modified_gmt":"2017-10-15T20:32:02","slug":"16-octobre-2017-cash-investigation-travail-ton-univers-impitoyable-interview-de-sophie-le-gall-et-emission-dans-son-integralite","status":"publish","type":"post","link":"http:\/\/www.cgt-hopital-manosque.fr\/?p=5295","title":{"rendered":"16 octobre 2017 &#8211; Cash Investigation &#8211; Travail, ton univers impitoyable (\u00e9mission dans son int\u00e9gralit\u00e9 et interview de Sophie Le Gall )"},"content":{"rendered":"<p><a href=\"http:\/\/www.cgt-hopital-manosque.fr\/wp-content\/uploads\/2017\/10\/854.-Cash-Investigation-Travail-ton-univers-impitoyable-1.jpg\"><img loading=\"lazy\" decoding=\"async\" src=\"http:\/\/www.cgt-hopital-manosque.fr\/wp-content\/uploads\/2017\/10\/854.-Cash-Investigation-Travail-ton-univers-impitoyable-1.jpg\" alt=\"Cash Investigation Travail ton univers impitoyable (1)\" width=\"878\" height=\"619\" class=\"aligncenter size-full wp-image-5296\" srcset=\"http:\/\/www.cgt-hopital-manosque.fr\/wp-content\/uploads\/2017\/10\/854.-Cash-Investigation-Travail-ton-univers-impitoyable-1.jpg 878w, http:\/\/www.cgt-hopital-manosque.fr\/wp-content\/uploads\/2017\/10\/854.-Cash-Investigation-Travail-ton-univers-impitoyable-1-300x212.jpg 300w\" sizes=\"(max-width: 878px) 100vw, 878px\" \/><\/a><\/p>\n<p style= \"text-align: justify;\">\u00ab\u00a0Cash Investigation\u00a0\u00bb pr\u00e9sent\u00e9 par Elise Lucet, a fait sa rentr\u00e9e 2017-2018, mardi 26 septembre, avec une immersion in\u00e9dite dans le monde merveilleux du travail. Et les chiffres sont alarmants : un quart des salari\u00e9s partent travailler avec la boule au ventre, plus d\u2019un tiers affirment avoir fait un burn-out et 43% ressentent des douleurs \u00e0 cause de leur m\u00e9tier ! Derri\u00e8re le succ\u00e8s de grandes entreprises se cachent parfois des m\u00e9thodes de management qui peuvent casser les salari\u00e9s. <\/p>\n<p style= \"text-align: justify;\">Le magazine s\u2019est int\u00e9ress\u00e9 \u00e0 quelques-unes des plus incroyables r\u00e9ussites \u00e9conomiques. Il a notamment enqu\u00eat\u00e9 sur Lidl, l\u2019un des g\u00e9ants de la grande distribution, 8 milliards d\u2019euros de chiffre d\u2019affaires et 30 000 salari\u00e9s en France. L\u2019une des enseignes pr\u00e9f\u00e9r\u00e9es des consommateurs est sortie du hard-discount en bouleversant les m\u00e9thodes de travail de ses employ\u00e9s. Une r\u00e9volution dans les magasins et les entrep\u00f4ts que certains paient tr\u00e8s cher sur leur lieu de travail. <\/p>\n<p style= \"text-align: justify;\">\u00ab\u00a0Les ouvriers du XXIe si\u00e8cle\u00a0\u00bb<\/p>\n<p style= \"text-align: justify;\">Autre secteur, autre ambiance avec une plong\u00e9e dans le monde de Free, fournisseur d&rsquo;acc\u00e8s \u00e0 Internet et op\u00e9rateur de t\u00e9l\u00e9phonie mobile. Une image jeune, d\u00e9cal\u00e9e, et son patron, Xavier Niel, qui d\u00e9clare : \u00ab\u00a0Les salari\u00e9s dans les centres d\u2019appels, ce sont les ouvriers du XXIe si\u00e8cle. C\u2019est le pire des jobs.\u00a0\u00bb Et \u00ab\u00a0Cash\u00a0\u00bb r\u00e9v\u00e8le leur pr\u00e9carit\u00e9 : bien souvent sur des si\u00e8ges \u00e9jectables, quand ils se retrouvent \u00e0 la porte, bon nombre partent sans indemnit\u00e9s de l\u2019entreprise. <\/p>\n<p style= \"text-align: justify;\">A d\u00e9couvrir \u00e9galement dans ce nouveau num\u00e9ro, des t\u00e9moignages rares de salari\u00e9s sous tension qui racontent leur quotidien fait de pressions. Apr\u00e8s la diffusion de cette nouvelle enqu\u00eate, Elise Lucet re\u00e7oit des invit\u00e9s, des responsables politiques et des sp\u00e9cialistes sur le plateau pour animer un d\u00e9bat d\u2019actualit\u00e9 au moment o\u00f9 la loi Travail est le grand chantier automnal du gouvernement. <\/p>\n<p style= \"text-align: justify;\"><strong><br \/>\nPOUR VOIR L&rsquo;EMISSION DE CASH INVESTIGATION DANS SON INTEGRALITE, <a href=\"https:\/\/www.youtube.com\/watch?v=s5uHC6TN2wo\"target=\"_blank\">CLIQUER ICI<\/a><\/strong><\/p>\n<p><a href=\"http:\/\/www.cgt-hopital-manosque.fr\/wp-content\/uploads\/2017\/10\/854.-Cash-Investigation-Travail-ton-univers-impitoyable-2.jpg\"><img loading=\"lazy\" decoding=\"async\" src=\"http:\/\/www.cgt-hopital-manosque.fr\/wp-content\/uploads\/2017\/10\/854.-Cash-Investigation-Travail-ton-univers-impitoyable-2.jpg\" alt=\"Cash Investigation Travail ton univers impitoyable (2)\" width=\"874\" height=\"620\" class=\"aligncenter size-full wp-image-5297\" srcset=\"http:\/\/www.cgt-hopital-manosque.fr\/wp-content\/uploads\/2017\/10\/854.-Cash-Investigation-Travail-ton-univers-impitoyable-2.jpg 874w, http:\/\/www.cgt-hopital-manosque.fr\/wp-content\/uploads\/2017\/10\/854.-Cash-Investigation-Travail-ton-univers-impitoyable-2-300x213.jpg 300w\" sizes=\"(max-width: 874px) 100vw, 874px\" \/><\/a><\/p>\n<p style= \"text-align: justify;\"><strong><br \/>\nPOUR VISIONNER L&rsquo;EMISSION DE FRANCE INTER QUI INTERVIEW LA JOURNALISTE SOPHIE LE GALL QUI A ENQUETE SUR LES CONDITIONS DE TRAVAIL ALARMANTES DE FREE ET LIDL, <a href=\"https:\/\/www.youtube.com\/watch?v=eHxrGT3pPdQ\"target=\"_blank\">CLIQUER ICI<\/a><\/strong><\/p>\n<p style= \"text-align: justify;\">\n(Voir de 00mn00 \u00e0 1m56s puis de 7mn26s \u00e0 19mn30s)<\/p>\n","protected":false},"excerpt":{"rendered":"<p>\u00ab\u00a0Cash Investigation\u00a0\u00bb pr\u00e9sent\u00e9 par Elise Lucet, a fait sa rentr\u00e9e 2017-2018, mardi 26 septembre, avec une immersion in\u00e9dite dans le monde merveilleux du travail. Et les chiffres sont alarmants : un quart des salari\u00e9s partent travailler avec la boule au ventre, plus d\u2019un tiers affirment avoir fait un burn-out et 43% ressentent des douleurs \u00e0 [&hellip;]<\/p>\n","protected":false},"author":1,"featured_media":0,"comment_status":"closed","ping_status":"closed","sticky":false,"template":"","format":"standard","meta":{"footnotes":""},"categories":[1],"tags":[],"views":1795,"_links":{"self":[{"href":"http:\/\/www.cgt-hopital-manosque.fr\/index.php?rest_route=\/wp\/v2\/posts\/5295"}],"collection":[{"href":"http:\/\/www.cgt-hopital-manosque.fr\/index.php?rest_route=\/wp\/v2\/posts"}],"about":[{"href":"http:\/\/www.cgt-hopital-manosque.fr\/index.php?rest_route=\/wp\/v2\/types\/post"}],"author":[{"embeddable":true,"href":"http:\/\/www.cgt-hopital-manosque.fr\/index.php?rest_route=\/wp\/v2\/users\/1"}],"replies":[{"embeddable":true,"href":"http:\/\/www.cgt-hopital-manosque.fr\/index.php?rest_route=%2Fwp%2Fv2%2Fcomments&post=5295"}],"version-history":[{"count":8,"href":"http:\/\/www.cgt-hopital-manosque.fr\/index.php?rest_route=\/wp\/v2\/posts\/5295\/revisions"}],"predecessor-version":[{"id":5306,"href":"http:\/\/www.cgt-hopital-manosque.fr\/index.php?rest_route=\/wp\/v2\/posts\/5295\/revisions\/5306"}],"wp:attachment":[{"href":"http:\/\/www.cgt-hopital-manosque.fr\/index.php?rest_route=%2Fwp%2Fv2%2Fmedia&parent=5295"}],"wp:term":[{"taxonomy":"category","embeddable":true,"href":"http:\/\/www.cgt-hopital-manosque.fr\/index.php?rest_route=%2Fwp%2Fv2%2Fcategories&post=5295"},{"taxonomy":"post_tag","embeddable":true,"href":"http:\/\/www.cgt-hopital-manosque.fr\/index.php?rest_route=%2Fwp%2Fv2%2Ftags&post=5295"}],"curies":[{"name":"wp","href":"https:\/\/api.w.org\/{rel}","templated":true}]}}