{"id":5307,"date":"2017-10-21T13:03:04","date_gmt":"2017-10-21T13:03:04","guid":{"rendered":"http:\/\/www.cgt-hopital-manosque.fr\/?p=5307"},"modified":"2017-10-21T13:06:03","modified_gmt":"2017-10-21T13:06:03","slug":"19-octobre-2017-burning-out-dans-le-ventre-de-lhopital-interview-de-jerome-le-maire-et-film-complet","status":"publish","type":"post","link":"http:\/\/www.cgt-hopital-manosque.fr\/?p=5307","title":{"rendered":"19 octobre 2017 &#8211; \u00ab\u00a0Burning out\u00a0\u00bb &#8211; Dans le ventre de l&rsquo;h\u00f4pital (interview de J\u00e9r\u00f4me Le Maire et film complet)"},"content":{"rendered":"<p><a href=\"http:\/\/www.cgt-hopital-manosque.fr\/wp-content\/uploads\/2017\/10\/855.-Film-Burning-out-Dans-le-ventre-de-lh\u00f4pital-1.jpg\"><img loading=\"lazy\" decoding=\"async\" src=\"http:\/\/www.cgt-hopital-manosque.fr\/wp-content\/uploads\/2017\/10\/855.-Film-Burning-out-Dans-le-ventre-de-lh\u00f4pital-1.jpg\" alt=\"855. Film Burning out - Dans le ventre de l&#039;h\u00f4pital (1)\" width=\"648\" height=\"366\" class=\"aligncenter size-full wp-image-5308\" srcset=\"http:\/\/www.cgt-hopital-manosque.fr\/wp-content\/uploads\/2017\/10\/855.-Film-Burning-out-Dans-le-ventre-de-lh\u00f4pital-1.jpg 648w, http:\/\/www.cgt-hopital-manosque.fr\/wp-content\/uploads\/2017\/10\/855.-Film-Burning-out-Dans-le-ventre-de-lh\u00f4pital-1-300x169.jpg 300w\" sizes=\"(max-width: 648px) 100vw, 648px\" \/><\/a><\/p>\n<p><a href=\"http:\/\/www.cgt-hopital-manosque.fr\/wp-content\/uploads\/2017\/10\/855.-Film-Burning-out-Dans-le-ventre-de-lh\u00f4pital-2.jpg\"><img loading=\"lazy\" decoding=\"async\" src=\"http:\/\/www.cgt-hopital-manosque.fr\/wp-content\/uploads\/2017\/10\/855.-Film-Burning-out-Dans-le-ventre-de-lh\u00f4pital-2.jpg\" alt=\"855. Film Burning out - Dans le ventre de l&#039;h\u00f4pital (2)\" width=\"1000\" height=\"500\" class=\"aligncenter size-full wp-image-5309\" srcset=\"http:\/\/www.cgt-hopital-manosque.fr\/wp-content\/uploads\/2017\/10\/855.-Film-Burning-out-Dans-le-ventre-de-lh\u00f4pital-2.jpg 1000w, http:\/\/www.cgt-hopital-manosque.fr\/wp-content\/uploads\/2017\/10\/855.-Film-Burning-out-Dans-le-ventre-de-lh\u00f4pital-2-300x150.jpg 300w\" sizes=\"(max-width: 1000px) 100vw, 1000px\" \/><\/a><\/p>\n<p style= \"text-align: justify;\">Au bloc op\u00e9ratoire de l&rsquo;h\u00f4pital Saint-Louis, \u00e0 Paris, le \u00ab\u00a0burn out\u00a0\u00bb menace \u00e0 tous les \u00e9chelons. D&rsquo;une intervention qui voit fuser les noms d&rsquo;oiseaux \u00e0 des r\u00e9unions de crise o\u00f9 se d\u00e9versent des dol\u00e9ances concurrentes, le r\u00e9alisateur J\u00e9r\u00f4me le Maire a su capter le mal-\u00eatre g\u00e9n\u00e9ral des soignants.  <\/p>\n<p style= \"text-align: justify;\">Le r\u00e9alisateur J\u00e9r\u00f4me le Maire a pass\u00e9 deux ans au sein de la tr\u00e8s r\u00e9put\u00e9e unit\u00e9 chirurgicale de l\u2019h\u00f4pital Saint-Louis, l\u2019un des grands \u00e9tablissements parisiens. Pendant un an, sans filmer, il s&rsquo;est familiaris\u00e9 avec l&rsquo;ensemble du personnel qui travaille \u00e0 flux tendu dans les quatorze salles d&rsquo;op\u00e9ration du bloc, chacune accueillant huit \u00e0 dix interventions par jour au fil d&rsquo;une organisation tr\u00e8s complexe. Il a ensuite tourn\u00e9 seul, toute une ann\u00e9e, au c\u0153ur de ce collectif professionnel chevronn\u00e9, qui tient chaque jour entre ses mains la vie et la mort des patients. D&rsquo;une intervention qui voit fuser les noms d&rsquo;oiseaux \u00e0 des r\u00e9unions de crise o\u00f9 se d\u00e9versent des dol\u00e9ances concurrentes, il capte un mal-\u00eatre g\u00e9n\u00e9ral qui, des aides-soignantes aux chirurgiens, \u00ab\u00a0d\u00e9borde, d\u00e9borde, d\u00e9borde\u00a0\u00bb, comme le planning que les gestionnaires du service n&rsquo;ont de cesse de vouloir \u00ab\u00a0optimiser\u00a0\u00bb. Entre deux prises de bec, les protagonistes confient leurs \u00e9tats d&rsquo;\u00e2me ou leurs r\u00e9flexions et s&rsquo;accordent \u00e0 reconna\u00eetre, en d\u00e9pit de leurs diff\u00e9rends, une commune origine \u00e0 la pathologie qui les affecte tous. \u00ab\u00a0Les conditions de travail se sont d\u00e9grad\u00e9es mais le travail, lui, ne doit pas se d\u00e9grader\u00a0\u00bb. Car m\u00eame si les patients semblent se r\u00e9duire \u00e0 la partie tranch\u00e9e et recousue de leur anatomie, ces soignants n&rsquo;oublient jamais la responsabilit\u00e9 extr\u00eame qui est la leur. La direction diligente alors un audit sur la qualit\u00e9 de vie au travail, qui se recentre bient\u00f4t sur l&rsquo;analyse des \u00ab\u00a0process\u00a0\u00bb et de leur \u00ab\u00a0efficience\u00a0\u00bb\u2026<\/p>\n<p style= \"text-align: justify;\">Urgence<\/p>\n<p style= \"text-align: justify;\">Cette fascinante tragi-com\u00e9die humaine d\u00e9voile au profane ce qu&rsquo;il ne voit jamais d&rsquo;ordinaire : la souffrance de ceux qui soignent, d&rsquo;abord, mais aussi la r\u00e9alit\u00e9 crue d&rsquo;une salle d&rsquo;op\u00e9ration, car le r\u00e9alisateur y est accueilli comme un membre de la famille, devant qui on n&rsquo;a pas besoin de cacher le linge sale. S&rsquo;il pointe des causes maintes fois d\u00e9nonc\u00e9es par les syndicats \u2013 augmentation continue de la charge de travail, gestion technocratique impos\u00e9e d&rsquo;en haut, atomisation d&rsquo;\u00e9quipes autrefois soud\u00e9es\u2026\u2013, J\u00e9r\u00f4me le Maire, en laissant s&rsquo;exprimer des points de vue contradictoires, met aussi en \u00e9vidence la complexit\u00e9 du probl\u00e8me. Ce portrait intens\u00e9ment vivant d&rsquo;un h\u00f4pital au bord de la crise de nerfs se veut plus largement la m\u00e9taphore d&rsquo;un monde du travail ravag\u00e9 par la perte de sens et d\u00e9sormais en \u00e9tat d&rsquo;urgence, selon le livre de Pascal Chabot qui l&rsquo;a inspir\u00e9, \u00ab\u00a0Global burn-out\u00a0\u00bb.<\/p>\n<p style= \"text-align: justify;\"><strong><br \/>\nPOUR VOIR L&rsquo;INTERVIEW DE JEROME LE MAIRE, <a href=\"https:\/\/www.youtube.com\/watch?v=jnFHar6QDjw\"target=\"_blank\">CLIQUER ICI<\/a><\/strong><\/p>\n<p style= \"text-align: justify;\"><strong><br \/>\nPOUR VOIR OU REVOIR LE FILM COMPLET DIFFUSE SUR ARTE IL Y A QUELQUES JOURS, <a href=\"https:\/\/www.youtube.com\/watch?v=0HGSk9GKfuE\"target=\"_blank\">CLIQUER ICI<\/a><\/strong><\/p>\n","protected":false},"excerpt":{"rendered":"<p>Au bloc op\u00e9ratoire de l&rsquo;h\u00f4pital Saint-Louis, \u00e0 Paris, le \u00ab\u00a0burn out\u00a0\u00bb menace \u00e0 tous les \u00e9chelons. D&rsquo;une intervention qui voit fuser les noms d&rsquo;oiseaux \u00e0 des r\u00e9unions de crise o\u00f9 se d\u00e9versent des dol\u00e9ances concurrentes, le r\u00e9alisateur J\u00e9r\u00f4me le Maire a su capter le mal-\u00eatre g\u00e9n\u00e9ral des soignants. Le r\u00e9alisateur J\u00e9r\u00f4me le Maire a pass\u00e9 [&hellip;]<\/p>\n","protected":false},"author":1,"featured_media":0,"comment_status":"closed","ping_status":"closed","sticky":false,"template":"","format":"standard","meta":{"footnotes":""},"categories":[8],"tags":[],"views":1725,"_links":{"self":[{"href":"http:\/\/www.cgt-hopital-manosque.fr\/index.php?rest_route=\/wp\/v2\/posts\/5307"}],"collection":[{"href":"http:\/\/www.cgt-hopital-manosque.fr\/index.php?rest_route=\/wp\/v2\/posts"}],"about":[{"href":"http:\/\/www.cgt-hopital-manosque.fr\/index.php?rest_route=\/wp\/v2\/types\/post"}],"author":[{"embeddable":true,"href":"http:\/\/www.cgt-hopital-manosque.fr\/index.php?rest_route=\/wp\/v2\/users\/1"}],"replies":[{"embeddable":true,"href":"http:\/\/www.cgt-hopital-manosque.fr\/index.php?rest_route=%2Fwp%2Fv2%2Fcomments&post=5307"}],"version-history":[{"count":2,"href":"http:\/\/www.cgt-hopital-manosque.fr\/index.php?rest_route=\/wp\/v2\/posts\/5307\/revisions"}],"predecessor-version":[{"id":5311,"href":"http:\/\/www.cgt-hopital-manosque.fr\/index.php?rest_route=\/wp\/v2\/posts\/5307\/revisions\/5311"}],"wp:attachment":[{"href":"http:\/\/www.cgt-hopital-manosque.fr\/index.php?rest_route=%2Fwp%2Fv2%2Fmedia&parent=5307"}],"wp:term":[{"taxonomy":"category","embeddable":true,"href":"http:\/\/www.cgt-hopital-manosque.fr\/index.php?rest_route=%2Fwp%2Fv2%2Fcategories&post=5307"},{"taxonomy":"post_tag","embeddable":true,"href":"http:\/\/www.cgt-hopital-manosque.fr\/index.php?rest_route=%2Fwp%2Fv2%2Ftags&post=5307"}],"curies":[{"name":"wp","href":"https:\/\/api.w.org\/{rel}","templated":true}]}}