{"id":5312,"date":"2017-10-21T13:16:37","date_gmt":"2017-10-21T13:16:37","guid":{"rendered":"http:\/\/www.cgt-hopital-manosque.fr\/?p=5312"},"modified":"2017-10-21T13:40:36","modified_gmt":"2017-10-21T13:40:36","slug":"20-octobre-2017-ehpad-maisons-de-retraite-en-souffrance-reportage-du-jt-de-france-2","status":"publish","type":"post","link":"http:\/\/www.cgt-hopital-manosque.fr\/?p=5312","title":{"rendered":"20 octobre 2017 &#8211; EHPAD \/ Maisons de retraite en souffrance &#8211; reportage du JT de France 2"},"content":{"rendered":"<p><a href=\"http:\/\/www.cgt-hopital-manosque.fr\/wp-content\/uploads\/2017\/10\/856.-EHPAD-maisons-de-retraite-en-souffrance-JT-France-2.jpg\"><img loading=\"lazy\" decoding=\"async\" src=\"http:\/\/www.cgt-hopital-manosque.fr\/wp-content\/uploads\/2017\/10\/856.-EHPAD-maisons-de-retraite-en-souffrance-JT-France-2.jpg\" alt=\"856. EHPAD, maisons de retraite en souffrance, JT France 2\" width=\"873\" height=\"596\" class=\"aligncenter size-full wp-image-5313\" srcset=\"http:\/\/www.cgt-hopital-manosque.fr\/wp-content\/uploads\/2017\/10\/856.-EHPAD-maisons-de-retraite-en-souffrance-JT-France-2.jpg 873w, http:\/\/www.cgt-hopital-manosque.fr\/wp-content\/uploads\/2017\/10\/856.-EHPAD-maisons-de-retraite-en-souffrance-JT-France-2-300x205.jpg 300w\" sizes=\"(max-width: 873px) 100vw, 873px\" \/><\/a><\/p>\n<p style= \"text-align: justify;\">Aujourd&rsquo;hui dans les EHPAD, le travail collectif s&rsquo;est transform\u00e9 en \u00e9preuve individuelle pour les personnels. Des moyens financiers tr\u00e8s largement insuffisants, un manque d&rsquo;effectif incontestable, des charges de travail insupportables, des temps de repos bafou\u00e9s, des bas salaires, une charge psychologique en accroissement constant, un management qui se durcit tous les jours un peu plus. Des conditions et des heures de travail indignes du 21\u00e8me si\u00e8cle ! <\/p>\n<p style= \"text-align: justify;\">Pourtant, nous sommes face \u00e0 des pouvoirs publics qui n&rsquo;ont absolument pas pris la mesure de la situation. C&rsquo;est m\u00eame tout le contraire puisqu&rsquo;ils demandent aux \u00e9tablissements des efforts suppl\u00e9mentaires en \u00e9tant compl\u00e8tement d\u00e9connect\u00e9s de la r\u00e9alit\u00e9. <\/p>\n<p style= \"text-align: justify;\">Et on aboutit donc \u00e0 la situation qu&rsquo;on connait et que relate tr\u00e8s bien le reportage de France 2 diffus\u00e9 lors du journal t\u00e9l\u00e9vis\u00e9 du 20 septembre 2017 qui met en avant la maltraitance institutionnelle subit par les personnels et les r\u00e9sidents. <\/p>\n<p style= \"text-align: justify;\"><strong><br \/>\nPOUR VOIR LE REPORTAGE DE FRANCE 2 (6m54s), <a href=\"https:\/\/www.youtube.com\/watch?v=8UsOGkLXjOA\"target=\"_blank\">CLIQUER ICI<\/a><\/strong><\/p>\n<p style= \"text-align: justify;\"><strong> >> POUR CONSULTER NOTRE DOSSIER COMPLET SUR LES EHPAD \/ EPS \/ MAISONS DE RETRAITE DU DEPARTEMENT (AVEC LES DIFFERENTS ARTICLES ET TRACTS), <a href=\"http:\/\/www.cgt-hopital-manosque.fr\/?p=5208\" target=\"_blank\">CLIQUER ICI<\/a><\/strong><\/p>\n","protected":false},"excerpt":{"rendered":"<p>Aujourd&rsquo;hui dans les EHPAD, le travail collectif s&rsquo;est transform\u00e9 en \u00e9preuve individuelle pour les personnels. Des moyens financiers tr\u00e8s largement insuffisants, un manque d&rsquo;effectif incontestable, des charges de travail insupportables, des temps de repos bafou\u00e9s, des bas salaires, une charge psychologique en accroissement constant, un management qui se durcit tous les jours un peu plus. [&hellip;]<\/p>\n","protected":false},"author":1,"featured_media":0,"comment_status":"closed","ping_status":"closed","sticky":false,"template":"","format":"standard","meta":{"footnotes":""},"categories":[8],"tags":[],"views":2050,"_links":{"self":[{"href":"http:\/\/www.cgt-hopital-manosque.fr\/index.php?rest_route=\/wp\/v2\/posts\/5312"}],"collection":[{"href":"http:\/\/www.cgt-hopital-manosque.fr\/index.php?rest_route=\/wp\/v2\/posts"}],"about":[{"href":"http:\/\/www.cgt-hopital-manosque.fr\/index.php?rest_route=\/wp\/v2\/types\/post"}],"author":[{"embeddable":true,"href":"http:\/\/www.cgt-hopital-manosque.fr\/index.php?rest_route=\/wp\/v2\/users\/1"}],"replies":[{"embeddable":true,"href":"http:\/\/www.cgt-hopital-manosque.fr\/index.php?rest_route=%2Fwp%2Fv2%2Fcomments&post=5312"}],"version-history":[{"count":3,"href":"http:\/\/www.cgt-hopital-manosque.fr\/index.php?rest_route=\/wp\/v2\/posts\/5312\/revisions"}],"predecessor-version":[{"id":5328,"href":"http:\/\/www.cgt-hopital-manosque.fr\/index.php?rest_route=\/wp\/v2\/posts\/5312\/revisions\/5328"}],"wp:attachment":[{"href":"http:\/\/www.cgt-hopital-manosque.fr\/index.php?rest_route=%2Fwp%2Fv2%2Fmedia&parent=5312"}],"wp:term":[{"taxonomy":"category","embeddable":true,"href":"http:\/\/www.cgt-hopital-manosque.fr\/index.php?rest_route=%2Fwp%2Fv2%2Fcategories&post=5312"},{"taxonomy":"post_tag","embeddable":true,"href":"http:\/\/www.cgt-hopital-manosque.fr\/index.php?rest_route=%2Fwp%2Fv2%2Ftags&post=5312"}],"curies":[{"name":"wp","href":"https:\/\/api.w.org\/{rel}","templated":true}]}}