{"id":5316,"date":"2017-10-21T13:23:07","date_gmt":"2017-10-21T13:23:07","guid":{"rendered":"http:\/\/www.cgt-hopital-manosque.fr\/?p=5316"},"modified":"2017-10-21T13:41:08","modified_gmt":"2017-10-21T13:41:08","slug":"21-octobre-2017-conference-regionale-sur-les-ehpad-le-6-novembre-2017-a-marseille-cgt-sante-et-action-sociale-paca","status":"publish","type":"post","link":"http:\/\/www.cgt-hopital-manosque.fr\/?p=5316","title":{"rendered":"21 octobre 2017 &#8211; Conf\u00e9rence r\u00e9gionale sur les EHPAD le 6 novembre 2017 \u00e0 Marseille &#8211; CGT Sant\u00e9 et Action Sociale PACA"},"content":{"rendered":"<p><a href=\"http:\/\/www.cgt-hopital-manosque.fr\/wp-content\/uploads\/2017\/10\/857.-Invitation-conf\u00e9rence-EHPAD-CGT-PACA.jpg\"><img loading=\"lazy\" decoding=\"async\" src=\"http:\/\/www.cgt-hopital-manosque.fr\/wp-content\/uploads\/2017\/10\/857.-Invitation-conf\u00e9rence-EHPAD-CGT-PACA.jpg\" alt=\"857. Invitation conf\u00e9rence EHPAD CGT PACA\" width=\"1203\" height=\"905\" class=\"aligncenter size-full wp-image-5317\" srcset=\"http:\/\/www.cgt-hopital-manosque.fr\/wp-content\/uploads\/2017\/10\/857.-Invitation-conf\u00e9rence-EHPAD-CGT-PACA.jpg 1203w, http:\/\/www.cgt-hopital-manosque.fr\/wp-content\/uploads\/2017\/10\/857.-Invitation-conf\u00e9rence-EHPAD-CGT-PACA-300x226.jpg 300w, http:\/\/www.cgt-hopital-manosque.fr\/wp-content\/uploads\/2017\/10\/857.-Invitation-conf\u00e9rence-EHPAD-CGT-PACA-1024x770.jpg 1024w\" sizes=\"(max-width: 1203px) 100vw, 1203px\" \/><\/a><\/p>\n<p><a href=\"http:\/\/www.cgt-hopital-manosque.fr\/wp-content\/uploads\/2017\/10\/857.-Programme-conf\u00e9rence-EHPAD-CGT-PACA-.jpg\"><img loading=\"lazy\" decoding=\"async\" src=\"http:\/\/www.cgt-hopital-manosque.fr\/wp-content\/uploads\/2017\/10\/857.-Programme-conf\u00e9rence-EHPAD-CGT-PACA-.jpg\" alt=\"857. Programme conf\u00e9rence EHPAD CGT PACA\" width=\"1203\" height=\"901\" class=\"aligncenter size-full wp-image-5318\" srcset=\"http:\/\/www.cgt-hopital-manosque.fr\/wp-content\/uploads\/2017\/10\/857.-Programme-conf\u00e9rence-EHPAD-CGT-PACA-.jpg 1203w, http:\/\/www.cgt-hopital-manosque.fr\/wp-content\/uploads\/2017\/10\/857.-Programme-conf\u00e9rence-EHPAD-CGT-PACA--300x225.jpg 300w, http:\/\/www.cgt-hopital-manosque.fr\/wp-content\/uploads\/2017\/10\/857.-Programme-conf\u00e9rence-EHPAD-CGT-PACA--1024x767.jpg 1024w\" sizes=\"(max-width: 1203px) 100vw, 1203px\" \/><\/a><\/p>\n<p style= \"text-align: justify;\"><strong><br \/>\nPOUR VOIR LE DOCUMENT COMPLET, <a href=\"http:\/\/www.cgt-hopital-manosque.fr\/wp-content\/uploads\/2017\/10\/857.-Invitation-et-programme-conf\u00e9rence-r\u00e9gionale-EHPAD.pdf\">CLIQUER ICI<\/a> <\/strong><\/p>\n<p style= \"text-align: justify;\"><strong> >> POUR CONSULTER NOTRE DOSSIER COMPLET SUR LES EHPAD \/ EPS \/ MAISONS DE RETRAITE DU DEPARTEMENT (AVEC LES DIFFERENTS ARTICLES ET TRACTS), <a href=\"http:\/\/www.cgt-hopital-manosque.fr\/?p=5208\" target=\"_blank\">CLIQUER ICI<\/a><\/strong><\/p>\n","protected":false},"excerpt":{"rendered":"<p>POUR VOIR LE DOCUMENT COMPLET, CLIQUER ICI >> POUR CONSULTER NOTRE DOSSIER COMPLET SUR LES EHPAD \/ EPS \/ MAISONS DE RETRAITE DU DEPARTEMENT (AVEC LES DIFFERENTS ARTICLES ET TRACTS), CLIQUER ICI<\/p>\n","protected":false},"author":1,"featured_media":0,"comment_status":"closed","ping_status":"closed","sticky":false,"template":"","format":"standard","meta":{"footnotes":""},"categories":[8],"tags":[],"views":2194,"_links":{"self":[{"href":"http:\/\/www.cgt-hopital-manosque.fr\/index.php?rest_route=\/wp\/v2\/posts\/5316"}],"collection":[{"href":"http:\/\/www.cgt-hopital-manosque.fr\/index.php?rest_route=\/wp\/v2\/posts"}],"about":[{"href":"http:\/\/www.cgt-hopital-manosque.fr\/index.php?rest_route=\/wp\/v2\/types\/post"}],"author":[{"embeddable":true,"href":"http:\/\/www.cgt-hopital-manosque.fr\/index.php?rest_route=\/wp\/v2\/users\/1"}],"replies":[{"embeddable":true,"href":"http:\/\/www.cgt-hopital-manosque.fr\/index.php?rest_route=%2Fwp%2Fv2%2Fcomments&post=5316"}],"version-history":[{"count":4,"href":"http:\/\/www.cgt-hopital-manosque.fr\/index.php?rest_route=\/wp\/v2\/posts\/5316\/revisions"}],"predecessor-version":[{"id":5330,"href":"http:\/\/www.cgt-hopital-manosque.fr\/index.php?rest_route=\/wp\/v2\/posts\/5316\/revisions\/5330"}],"wp:attachment":[{"href":"http:\/\/www.cgt-hopital-manosque.fr\/index.php?rest_route=%2Fwp%2Fv2%2Fmedia&parent=5316"}],"wp:term":[{"taxonomy":"category","embeddable":true,"href":"http:\/\/www.cgt-hopital-manosque.fr\/index.php?rest_route=%2Fwp%2Fv2%2Fcategories&post=5316"},{"taxonomy":"post_tag","embeddable":true,"href":"http:\/\/www.cgt-hopital-manosque.fr\/index.php?rest_route=%2Fwp%2Fv2%2Ftags&post=5316"}],"curies":[{"name":"wp","href":"https:\/\/api.w.org\/{rel}","templated":true}]}}