{"id":5323,"date":"2017-10-21T13:36:12","date_gmt":"2017-10-21T13:36:12","guid":{"rendered":"http:\/\/www.cgt-hopital-manosque.fr\/?p=5323"},"modified":"2017-10-21T13:36:12","modified_gmt":"2017-10-21T13:36:12","slug":"22-octobre-2017-communique-cgt-hopital-de-manosque-ght-04-et-projet-medical-partage-pmp","status":"publish","type":"post","link":"http:\/\/www.cgt-hopital-manosque.fr\/?p=5323","title":{"rendered":"22 octobre 2017 &#8211; Communiqu\u00e9 CGT H\u00f4pital de Manosque &#8211; GHT 04 et Projet M\u00e9dical Partag\u00e9 (PMP)"},"content":{"rendered":"<p><a href=\"http:\/\/www.cgt-hopital-manosque.fr\/wp-content\/uploads\/2017\/10\/858.-Communiqu\u00e9-GHT-et-PMP-04-1.jpg\"><img loading=\"lazy\" decoding=\"async\" src=\"http:\/\/www.cgt-hopital-manosque.fr\/wp-content\/uploads\/2017\/10\/858.-Communiqu\u00e9-GHT-et-PMP-04-1.jpg\" alt=\"858. Communiqu\u00e9 GHT et PMP 04 (1)\" width=\"647\" height=\"909\" class=\"aligncenter size-full wp-image-5324\" srcset=\"http:\/\/www.cgt-hopital-manosque.fr\/wp-content\/uploads\/2017\/10\/858.-Communiqu\u00e9-GHT-et-PMP-04-1.jpg 647w, http:\/\/www.cgt-hopital-manosque.fr\/wp-content\/uploads\/2017\/10\/858.-Communiqu\u00e9-GHT-et-PMP-04-1-214x300.jpg 214w\" sizes=\"(max-width: 647px) 100vw, 647px\" \/><\/a><\/p>\n<p><a href=\"http:\/\/www.cgt-hopital-manosque.fr\/wp-content\/uploads\/2017\/10\/858.-Communiqu\u00e9-GHT-et-PMP-04-2.jpg\"><img loading=\"lazy\" decoding=\"async\" src=\"http:\/\/www.cgt-hopital-manosque.fr\/wp-content\/uploads\/2017\/10\/858.-Communiqu\u00e9-GHT-et-PMP-04-2.jpg\" alt=\"858. Communiqu\u00e9 GHT et PMP 04 (2)\" width=\"647\" height=\"901\" class=\"aligncenter size-full wp-image-5325\" srcset=\"http:\/\/www.cgt-hopital-manosque.fr\/wp-content\/uploads\/2017\/10\/858.-Communiqu\u00e9-GHT-et-PMP-04-2.jpg 647w, http:\/\/www.cgt-hopital-manosque.fr\/wp-content\/uploads\/2017\/10\/858.-Communiqu\u00e9-GHT-et-PMP-04-2-215x300.jpg 215w\" sizes=\"(max-width: 647px) 100vw, 647px\" \/><\/a><\/p>\n<p style= \"text-align: justify;\"><strong><br \/>\nPOUR VOIR LE DOCUMENT COMPLET, <a href=\"http:\/\/www.cgt-hopital-manosque.fr\/wp-content\/uploads\/2017\/10\/858.-Communiqu\u00e9-sur-le-PMP-et-le-GHT-04.pdf\">CLIQUER ICI<\/a> <\/strong><\/p>\n","protected":false},"excerpt":{"rendered":"<p>POUR VOIR LE DOCUMENT COMPLET, CLIQUER ICI<\/p>\n","protected":false},"author":1,"featured_media":0,"comment_status":"closed","ping_status":"closed","sticky":false,"template":"","format":"standard","meta":{"footnotes":""},"categories":[7],"tags":[],"views":1436,"_links":{"self":[{"href":"http:\/\/www.cgt-hopital-manosque.fr\/index.php?rest_route=\/wp\/v2\/posts\/5323"}],"collection":[{"href":"http:\/\/www.cgt-hopital-manosque.fr\/index.php?rest_route=\/wp\/v2\/posts"}],"about":[{"href":"http:\/\/www.cgt-hopital-manosque.fr\/index.php?rest_route=\/wp\/v2\/types\/post"}],"author":[{"embeddable":true,"href":"http:\/\/www.cgt-hopital-manosque.fr\/index.php?rest_route=\/wp\/v2\/users\/1"}],"replies":[{"embeddable":true,"href":"http:\/\/www.cgt-hopital-manosque.fr\/index.php?rest_route=%2Fwp%2Fv2%2Fcomments&post=5323"}],"version-history":[{"count":1,"href":"http:\/\/www.cgt-hopital-manosque.fr\/index.php?rest_route=\/wp\/v2\/posts\/5323\/revisions"}],"predecessor-version":[{"id":5327,"href":"http:\/\/www.cgt-hopital-manosque.fr\/index.php?rest_route=\/wp\/v2\/posts\/5323\/revisions\/5327"}],"wp:attachment":[{"href":"http:\/\/www.cgt-hopital-manosque.fr\/index.php?rest_route=%2Fwp%2Fv2%2Fmedia&parent=5323"}],"wp:term":[{"taxonomy":"category","embeddable":true,"href":"http:\/\/www.cgt-hopital-manosque.fr\/index.php?rest_route=%2Fwp%2Fv2%2Fcategories&post=5323"},{"taxonomy":"post_tag","embeddable":true,"href":"http:\/\/www.cgt-hopital-manosque.fr\/index.php?rest_route=%2Fwp%2Fv2%2Ftags&post=5323"}],"curies":[{"name":"wp","href":"https:\/\/api.w.org\/{rel}","templated":true}]}}