{"id":5334,"date":"2017-11-05T16:19:38","date_gmt":"2017-11-05T16:19:38","guid":{"rendered":"http:\/\/www.cgt-hopital-manosque.fr\/?p=5334"},"modified":"2017-11-05T16:23:09","modified_gmt":"2017-11-05T16:23:09","slug":"5-novembre-2017-le-journal-de-lud-cgt-04-du-mois-doctobre-2017","status":"publish","type":"post","link":"http:\/\/www.cgt-hopital-manosque.fr\/?p=5334","title":{"rendered":"5 novembre 2017 &#8211; Le journal de l&rsquo;UD CGT 04 du mois d&rsquo;octobre 2017"},"content":{"rendered":"<p><a href=\"http:\/\/www.cgt-hopital-manosque.fr\/wp-content\/uploads\/2017\/11\/859.-Journal-UD-CGT-04-octobre-2017.jpg\"><img loading=\"lazy\" decoding=\"async\" src=\"http:\/\/www.cgt-hopital-manosque.fr\/wp-content\/uploads\/2017\/11\/859.-Journal-UD-CGT-04-octobre-2017.jpg\" alt=\"859. Journal UD CGT 04 octobre 2017\" width=\"635\" height=\"905\" class=\"aligncenter size-full wp-image-5335\" srcset=\"http:\/\/www.cgt-hopital-manosque.fr\/wp-content\/uploads\/2017\/11\/859.-Journal-UD-CGT-04-octobre-2017.jpg 635w, http:\/\/www.cgt-hopital-manosque.fr\/wp-content\/uploads\/2017\/11\/859.-Journal-UD-CGT-04-octobre-2017-210x300.jpg 210w\" sizes=\"(max-width: 635px) 100vw, 635px\" \/><\/a><\/p>\n<p style= \"text-align: justify;\"><strong><br \/>\nSommaire : <\/p>\n<p style= \"text-align: justify;\">Page 1 : Edito de Sylvain Moretti <\/p>\n<p style= \"text-align: justify;\">Page 2 : Journ\u00e9e fonction publique du 10 octobre \u00e0 Digne<\/p>\n<p style= \"text-align: justify;\">Page 3 : Mobilisation du 16 novembre + Interview de Pierre Mille pour le collectif ouvriers agricoles 04 <\/p>\n<p style= \"text-align: justify;\">Page 4 : Blocage du site de G\u00e9om\u00e9thane le 19 octobre \u00e0 Manosque <\/p>\n<p style= \"text-align: justify;\">Page 5 : Rencontre avec la D\u00e9put\u00e9e Bagarry sur la question des EHPAD &#8211; Interview de Christelle Clara <\/p>\n<p style= \"text-align: justify;\">Page 6 : Gr\u00e8ve \u00e0 Porte Accueil Sainte-Tulle<\/p>\n<p style= \"text-align: justify;\">Page 7 : T\u00e9moignage d&rsquo;Etienne D\u00e8cle sur Notre-Dame-des-Landes (La ZAD et son monde)<\/p>\n<p style= \"text-align: justify;\"> Page 8 : Conseils lecture + Journ\u00e9e conf\u00e9d\u00e9rale Femme et Mixit\u00e9<\/p>\n<p style= \"text-align: justify;\">\n<p style= \"text-align: justify;\">\nPOUR CONSULTER LE JOURNAL COMPLET, <a href=\"http:\/\/www.cgt-hopital-manosque.fr\/wp-content\/uploads\/2017\/11\/859.-Journal-UD-CGT-04-octobre-2017.pdf\">CLIQUER ICI<\/a><br \/>\n<\/strong><\/p>\n","protected":false},"excerpt":{"rendered":"<p>Sommaire : Page 1 : Edito de Sylvain Moretti Page 2 : Journ\u00e9e fonction publique du 10 octobre \u00e0 Digne Page 3 : Mobilisation du 16 novembre + Interview de Pierre Mille pour le collectif ouvriers agricoles 04 Page 4 : Blocage du site de G\u00e9om\u00e9thane le 19 octobre \u00e0 Manosque Page 5 : Rencontre [&hellip;]<\/p>\n","protected":false},"author":1,"featured_media":0,"comment_status":"closed","ping_status":"closed","sticky":false,"template":"","format":"standard","meta":{"footnotes":""},"categories":[7],"tags":[],"views":1662,"_links":{"self":[{"href":"http:\/\/www.cgt-hopital-manosque.fr\/index.php?rest_route=\/wp\/v2\/posts\/5334"}],"collection":[{"href":"http:\/\/www.cgt-hopital-manosque.fr\/index.php?rest_route=\/wp\/v2\/posts"}],"about":[{"href":"http:\/\/www.cgt-hopital-manosque.fr\/index.php?rest_route=\/wp\/v2\/types\/post"}],"author":[{"embeddable":true,"href":"http:\/\/www.cgt-hopital-manosque.fr\/index.php?rest_route=\/wp\/v2\/users\/1"}],"replies":[{"embeddable":true,"href":"http:\/\/www.cgt-hopital-manosque.fr\/index.php?rest_route=%2Fwp%2Fv2%2Fcomments&post=5334"}],"version-history":[{"count":2,"href":"http:\/\/www.cgt-hopital-manosque.fr\/index.php?rest_route=\/wp\/v2\/posts\/5334\/revisions"}],"predecessor-version":[{"id":5338,"href":"http:\/\/www.cgt-hopital-manosque.fr\/index.php?rest_route=\/wp\/v2\/posts\/5334\/revisions\/5338"}],"wp:attachment":[{"href":"http:\/\/www.cgt-hopital-manosque.fr\/index.php?rest_route=%2Fwp%2Fv2%2Fmedia&parent=5334"}],"wp:term":[{"taxonomy":"category","embeddable":true,"href":"http:\/\/www.cgt-hopital-manosque.fr\/index.php?rest_route=%2Fwp%2Fv2%2Fcategories&post=5334"},{"taxonomy":"post_tag","embeddable":true,"href":"http:\/\/www.cgt-hopital-manosque.fr\/index.php?rest_route=%2Fwp%2Fv2%2Ftags&post=5334"}],"curies":[{"name":"wp","href":"https:\/\/api.w.org\/{rel}","templated":true}]}}