{"id":5354,"date":"2017-11-12T09:22:42","date_gmt":"2017-11-12T09:22:42","guid":{"rendered":"http:\/\/www.cgt-hopital-manosque.fr\/?p=5354"},"modified":"2017-11-12T10:11:46","modified_gmt":"2017-11-12T10:11:46","slug":"13-novembre-2017-conference-sur-les-ehpad-cgt-sante-et-action-sociale-paca-du-6-novembre-a-marseille","status":"publish","type":"post","link":"http:\/\/www.cgt-hopital-manosque.fr\/?p=5354","title":{"rendered":"13 novembre 2017 &#8211; Conf\u00e9rence sur les EHPAD CGT Sant\u00e9 et Action  Sociale PACA du 6 novembre \u00e0 Marseille (photos et articles de presse)"},"content":{"rendered":"<p><a href=\"http:\/\/www.cgt-hopital-manosque.fr\/wp-content\/uploads\/2017\/11\/863.-Conf\u00e9rence-EHPAD-CGT-PACA-Marseille-1.jpg\"><img loading=\"lazy\" decoding=\"async\" src=\"http:\/\/www.cgt-hopital-manosque.fr\/wp-content\/uploads\/2017\/11\/863.-Conf\u00e9rence-EHPAD-CGT-PACA-Marseille-1.jpg\" alt=\"863. Conf\u00e9rence EHPAD CGT PACA Marseille (1)\" width=\"1285\" height=\"969\" class=\"aligncenter size-full wp-image-5355\" srcset=\"http:\/\/www.cgt-hopital-manosque.fr\/wp-content\/uploads\/2017\/11\/863.-Conf\u00e9rence-EHPAD-CGT-PACA-Marseille-1.jpg 1285w, http:\/\/www.cgt-hopital-manosque.fr\/wp-content\/uploads\/2017\/11\/863.-Conf\u00e9rence-EHPAD-CGT-PACA-Marseille-1-300x226.jpg 300w, http:\/\/www.cgt-hopital-manosque.fr\/wp-content\/uploads\/2017\/11\/863.-Conf\u00e9rence-EHPAD-CGT-PACA-Marseille-1-1024x772.jpg 1024w\" sizes=\"(max-width: 1285px) 100vw, 1285px\" \/><\/a><\/p>\n<p style= \"text-align: justify;\">\n<p><a href=\"http:\/\/www.cgt-hopital-manosque.fr\/wp-content\/uploads\/2017\/11\/863.-Journ\u00e9e-d\u00e9tude-EHPAD-FD-CGT-Sant\u00e9-16-octobre-2017.jpg\"><img loading=\"lazy\" decoding=\"async\" src=\"http:\/\/www.cgt-hopital-manosque.fr\/wp-content\/uploads\/2017\/11\/863.-Journ\u00e9e-d\u00e9tude-EHPAD-FD-CGT-Sant\u00e9-16-octobre-2017.jpg\" alt=\"863. Journ\u00e9e d&#039;\u00e9tude EHPAD FD CGT Sant\u00e9 16 octobre 2017\" width=\"4128\" height=\"3096\" class=\"aligncenter size-full wp-image-5356\" srcset=\"http:\/\/www.cgt-hopital-manosque.fr\/wp-content\/uploads\/2017\/11\/863.-Journ\u00e9e-d\u00e9tude-EHPAD-FD-CGT-Sant\u00e9-16-octobre-2017.jpg 4128w, http:\/\/www.cgt-hopital-manosque.fr\/wp-content\/uploads\/2017\/11\/863.-Journ\u00e9e-d\u00e9tude-EHPAD-FD-CGT-Sant\u00e9-16-octobre-2017-300x225.jpg 300w, http:\/\/www.cgt-hopital-manosque.fr\/wp-content\/uploads\/2017\/11\/863.-Journ\u00e9e-d\u00e9tude-EHPAD-FD-CGT-Sant\u00e9-16-octobre-2017-1024x768.jpg 1024w\" sizes=\"(max-width: 4128px) 100vw, 4128px\" \/><\/a><\/p>\n<p style= \"text-align: justify;\">\n<p><a href=\"http:\/\/www.cgt-hopital-manosque.fr\/wp-content\/uploads\/2017\/11\/863.-Conf\u00e9rence-EHPAD-CGT-PACA-Marseille-p2.jpg\"><img loading=\"lazy\" decoding=\"async\" src=\"http:\/\/www.cgt-hopital-manosque.fr\/wp-content\/uploads\/2017\/11\/863.-Conf\u00e9rence-EHPAD-CGT-PACA-Marseille-p2.jpg\" alt=\"863. Conf\u00e9rence EHPAD CGT PACA Marseille (p2)\" width=\"1285\" height=\"967\" class=\"aligncenter size-full wp-image-5375\" srcset=\"http:\/\/www.cgt-hopital-manosque.fr\/wp-content\/uploads\/2017\/11\/863.-Conf\u00e9rence-EHPAD-CGT-PACA-Marseille-p2.jpg 1285w, http:\/\/www.cgt-hopital-manosque.fr\/wp-content\/uploads\/2017\/11\/863.-Conf\u00e9rence-EHPAD-CGT-PACA-Marseille-p2-300x226.jpg 300w, http:\/\/www.cgt-hopital-manosque.fr\/wp-content\/uploads\/2017\/11\/863.-Conf\u00e9rence-EHPAD-CGT-PACA-Marseille-p2-1024x771.jpg 1024w\" sizes=\"(max-width: 1285px) 100vw, 1285px\" \/><\/a><\/p>\n<p style= \"text-align: justify;\">\n<p><a href=\"http:\/\/www.cgt-hopital-manosque.fr\/wp-content\/uploads\/2017\/11\/863.-Photo-conf\u00e9rence-EHPAD-CGT-PACA-du-6-novembre-1.jpg\"><img loading=\"lazy\" decoding=\"async\" src=\"http:\/\/www.cgt-hopital-manosque.fr\/wp-content\/uploads\/2017\/11\/863.-Photo-conf\u00e9rence-EHPAD-CGT-PACA-du-6-novembre-1.jpg\" alt=\"863. Photo conf\u00e9rence EHPAD CGT PACA du 6 novembre (1)\" width=\"1106\" height=\"752\" class=\"aligncenter size-full wp-image-5364\" srcset=\"http:\/\/www.cgt-hopital-manosque.fr\/wp-content\/uploads\/2017\/11\/863.-Photo-conf\u00e9rence-EHPAD-CGT-PACA-du-6-novembre-1.jpg 1106w, http:\/\/www.cgt-hopital-manosque.fr\/wp-content\/uploads\/2017\/11\/863.-Photo-conf\u00e9rence-EHPAD-CGT-PACA-du-6-novembre-1-300x204.jpg 300w, http:\/\/www.cgt-hopital-manosque.fr\/wp-content\/uploads\/2017\/11\/863.-Photo-conf\u00e9rence-EHPAD-CGT-PACA-du-6-novembre-1-1024x696.jpg 1024w\" sizes=\"(max-width: 1106px) 100vw, 1106px\" \/><\/a><\/p>\n<p style= \"text-align: justify;\">\n<p><a href=\"http:\/\/www.cgt-hopital-manosque.fr\/wp-content\/uploads\/2017\/11\/863.-Photo-conf\u00e9rence-EHPAD-CGT-PACA-du-6-novembre-2.jpg\"><img loading=\"lazy\" decoding=\"async\" src=\"http:\/\/www.cgt-hopital-manosque.fr\/wp-content\/uploads\/2017\/11\/863.-Photo-conf\u00e9rence-EHPAD-CGT-PACA-du-6-novembre-2.jpg\" alt=\"863. Photo conf\u00e9rence EHPAD CGT PACA du 6 novembre (2)\" width=\"5312\" height=\"2988\" class=\"aligncenter size-full wp-image-5365\" srcset=\"http:\/\/www.cgt-hopital-manosque.fr\/wp-content\/uploads\/2017\/11\/863.-Photo-conf\u00e9rence-EHPAD-CGT-PACA-du-6-novembre-2.jpg 5312w, http:\/\/www.cgt-hopital-manosque.fr\/wp-content\/uploads\/2017\/11\/863.-Photo-conf\u00e9rence-EHPAD-CGT-PACA-du-6-novembre-2-300x169.jpg 300w, http:\/\/www.cgt-hopital-manosque.fr\/wp-content\/uploads\/2017\/11\/863.-Photo-conf\u00e9rence-EHPAD-CGT-PACA-du-6-novembre-2-1024x576.jpg 1024w\" sizes=\"(max-width: 5312px) 100vw, 5312px\" \/><\/a><\/p>\n<p style= \"text-align: justify;\">\n<p style= \"text-align: justify;\"><strong><br \/>\nPOUR CONSULTER L&rsquo;ARTICLE DU JOURNAL \u00ab\u00a0LA MARSEILLAISE\u00a0\u00bb (PAGE COMPLETE) : <a href=\"http:\/\/www.cgt-hopital-manosque.fr\/wp-content\/uploads\/2017\/11\/863.-La-Marseillaise-conf\u00e9rence-EHPAD-CGT-PACA.pdf\">CLIQUER ICI<\/a><br \/>\n<\/strong>\n<\/p>\n<p style= \"text-align: justify;\">\n<p style= \"text-align: justify;\"><strong><br \/>\nPOUR CONSULTER L&rsquo;ARTICLE DU JOURNAL \u00ab\u00a0LA PROVENCE\u00a0\u00bb : <a href=\"http:\/\/www.cgt-hopital-manosque.fr\/wp-content\/uploads\/2017\/11\/863.-Article-EHPAD-La-Provence-07-11-2017.pdf\">CLIQUER ICI<\/a><br \/>\n<\/strong>\n<\/p>\n<p style= \"text-align: justify;\">\n<p><a href=\"http:\/\/www.cgt-hopital-manosque.fr\/wp-content\/uploads\/2017\/11\/863.-Conf\u00e9rence-EHPAD-CGT-PACA-Marseille-p3.jpg\"><img loading=\"lazy\" decoding=\"async\" src=\"http:\/\/www.cgt-hopital-manosque.fr\/wp-content\/uploads\/2017\/11\/863.-Conf\u00e9rence-EHPAD-CGT-PACA-Marseille-p3.jpg\" alt=\"863. Conf\u00e9rence EHPAD CGT PACA Marseille (p3)\" width=\"1277\" height=\"949\" class=\"aligncenter size-full wp-image-5373\" srcset=\"http:\/\/www.cgt-hopital-manosque.fr\/wp-content\/uploads\/2017\/11\/863.-Conf\u00e9rence-EHPAD-CGT-PACA-Marseille-p3.jpg 1277w, http:\/\/www.cgt-hopital-manosque.fr\/wp-content\/uploads\/2017\/11\/863.-Conf\u00e9rence-EHPAD-CGT-PACA-Marseille-p3-300x223.jpg 300w, http:\/\/www.cgt-hopital-manosque.fr\/wp-content\/uploads\/2017\/11\/863.-Conf\u00e9rence-EHPAD-CGT-PACA-Marseille-p3-1024x761.jpg 1024w\" sizes=\"(max-width: 1277px) 100vw, 1277px\" \/><\/a><\/p>\n<p style= \"text-align: justify;\"><strong> >> POUR CONSULTER NOTRE DOSSIER COMPLET SUR LES EHPAD \/ EPS \/ MAISONS DE RETRAITE DU DEPARTEMENT (AVEC LES DIFFERENTS ARTICLES ET TRACTS), <a href=\"http:\/\/www.cgt-hopital-manosque.fr\/?p=5208\" target=\"_blank\">CLIQUER ICI<\/a><\/strong><\/p>\n","protected":false},"excerpt":{"rendered":"<p>POUR CONSULTER L&rsquo;ARTICLE DU JOURNAL \u00ab\u00a0LA MARSEILLAISE\u00a0\u00bb (PAGE COMPLETE) : CLIQUER ICI POUR CONSULTER L&rsquo;ARTICLE DU JOURNAL \u00ab\u00a0LA PROVENCE\u00a0\u00bb : CLIQUER ICI >> POUR CONSULTER NOTRE DOSSIER COMPLET SUR LES EHPAD \/ EPS \/ MAISONS DE RETRAITE DU DEPARTEMENT (AVEC LES DIFFERENTS ARTICLES ET TRACTS), CLIQUER ICI<\/p>\n","protected":false},"author":1,"featured_media":0,"comment_status":"closed","ping_status":"closed","sticky":false,"template":"","format":"standard","meta":{"footnotes":""},"categories":[7],"tags":[],"views":2744,"_links":{"self":[{"href":"http:\/\/www.cgt-hopital-manosque.fr\/index.php?rest_route=\/wp\/v2\/posts\/5354"}],"collection":[{"href":"http:\/\/www.cgt-hopital-manosque.fr\/index.php?rest_route=\/wp\/v2\/posts"}],"about":[{"href":"http:\/\/www.cgt-hopital-manosque.fr\/index.php?rest_route=\/wp\/v2\/types\/post"}],"author":[{"embeddable":true,"href":"http:\/\/www.cgt-hopital-manosque.fr\/index.php?rest_route=\/wp\/v2\/users\/1"}],"replies":[{"embeddable":true,"href":"http:\/\/www.cgt-hopital-manosque.fr\/index.php?rest_route=%2Fwp%2Fv2%2Fcomments&post=5354"}],"version-history":[{"count":9,"href":"http:\/\/www.cgt-hopital-manosque.fr\/index.php?rest_route=\/wp\/v2\/posts\/5354\/revisions"}],"predecessor-version":[{"id":5376,"href":"http:\/\/www.cgt-hopital-manosque.fr\/index.php?rest_route=\/wp\/v2\/posts\/5354\/revisions\/5376"}],"wp:attachment":[{"href":"http:\/\/www.cgt-hopital-manosque.fr\/index.php?rest_route=%2Fwp%2Fv2%2Fmedia&parent=5354"}],"wp:term":[{"taxonomy":"category","embeddable":true,"href":"http:\/\/www.cgt-hopital-manosque.fr\/index.php?rest_route=%2Fwp%2Fv2%2Fcategories&post=5354"},{"taxonomy":"post_tag","embeddable":true,"href":"http:\/\/www.cgt-hopital-manosque.fr\/index.php?rest_route=%2Fwp%2Fv2%2Ftags&post=5354"}],"curies":[{"name":"wp","href":"https:\/\/api.w.org\/{rel}","templated":true}]}}