{"id":5414,"date":"2018-01-03T15:56:48","date_gmt":"2018-01-03T15:56:48","guid":{"rendered":"http:\/\/www.cgt-hopital-manosque.fr\/?p=5414"},"modified":"2018-01-03T16:01:52","modified_gmt":"2018-01-03T16:01:52","slug":"2-janvier-2018-le-journal-de-lud-cgt-04-du-mois-de-decembre-2017","status":"publish","type":"post","link":"http:\/\/www.cgt-hopital-manosque.fr\/?p=5414","title":{"rendered":"2 janvier 2018 &#8211; Le journal de l&rsquo;UD CGT 04 du mois de d\u00e9cembre 2017"},"content":{"rendered":"<p><a href=\"http:\/\/www.cgt-hopital-manosque.fr\/wp-content\/uploads\/2018\/01\/871.-Sommaire-journal-UD-CGT-04.jpg\"><img loading=\"lazy\" decoding=\"async\" src=\"http:\/\/www.cgt-hopital-manosque.fr\/wp-content\/uploads\/2018\/01\/871.-Sommaire-journal-UD-CGT-04.jpg\" alt=\"871. Sommaire journal UD CGT 04\" width=\"667\" height=\"945\" class=\"aligncenter size-full wp-image-5416\" srcset=\"http:\/\/www.cgt-hopital-manosque.fr\/wp-content\/uploads\/2018\/01\/871.-Sommaire-journal-UD-CGT-04.jpg 667w, http:\/\/www.cgt-hopital-manosque.fr\/wp-content\/uploads\/2018\/01\/871.-Sommaire-journal-UD-CGT-04-212x300.jpg 212w\" sizes=\"(max-width: 667px) 100vw, 667px\" \/><\/a><\/p>\n<p style= \"text-align: justify;\"><strong><br \/>\nSommaire : <\/p>\n<p style= \"text-align: justify;\">Page 1 : Edito de Josiane Travert<\/p>\n<p style= \"text-align: justify;\">Page 2 : Conf\u00e9rence \/ d\u00e9bat du 8 d\u00e9cembre \u00e0 Manosque &#8211; Interview de Thomas Tyrner  <\/p>\n<p style= \"text-align: justify;\">Page 3 : Congr\u00e8s de l\u2019UL de Ch\u00e2teau-Arnoux \/ Saint-Auban &#8211; Interview de David Bouissou <\/p>\n<p style= \"text-align: justify;\">Page 4 : EHPAD publics et priv\u00e9s &#8211; Journ\u00e9e de  mobilisation du  30 janvier 2018 <\/p>\n<p style= \"text-align: justify;\">Page 5 : Belle victoire aux Opalines &#8211; Interview de St\u00e9phanie Chabert  <\/p>\n<p style= \"text-align: justify;\">Page 6 : Marie Blach\u00e8re : la mobilisation collective a pay\u00e9 <\/p>\n<p style= \"text-align: justify;\">Page 7 : Une victoire Juridique importante contre les r\u00e9f\u00e9rendums d\u2019\u2019entreprise  <\/p>\n<p style= \"text-align: justify;\">Page 8 : Infos de derni\u00e8re minutes (dont les AG des Unions Locales) <\/p>\n<p style= \"text-align: justify;\">\n<p style= \"text-align: justify;\">\nPOUR CONSULTER LE JOURNAL COMPLET, <a href=\"http:\/\/www.cgt-hopital-manosque.fr\/wp-content\/uploads\/2018\/01\/871.-Journal-UD-CGT-04-d\u00e9cembre-2017-2.pdf\">CLIQUER ICI<\/a><br \/>\n<\/strong><\/p>\n","protected":false},"excerpt":{"rendered":"<p>Sommaire : Page 1 : Edito de Josiane Travert Page 2 : Conf\u00e9rence \/ d\u00e9bat du 8 d\u00e9cembre \u00e0 Manosque &#8211; Interview de Thomas Tyrner Page 3 : Congr\u00e8s de l\u2019UL de Ch\u00e2teau-Arnoux \/ Saint-Auban &#8211; Interview de David Bouissou Page 4 : EHPAD publics et priv\u00e9s &#8211; Journ\u00e9e de mobilisation du 30 janvier 2018 [&hellip;]<\/p>\n","protected":false},"author":1,"featured_media":0,"comment_status":"closed","ping_status":"closed","sticky":false,"template":"","format":"standard","meta":{"footnotes":""},"categories":[7],"tags":[],"views":1348,"_links":{"self":[{"href":"http:\/\/www.cgt-hopital-manosque.fr\/index.php?rest_route=\/wp\/v2\/posts\/5414"}],"collection":[{"href":"http:\/\/www.cgt-hopital-manosque.fr\/index.php?rest_route=\/wp\/v2\/posts"}],"about":[{"href":"http:\/\/www.cgt-hopital-manosque.fr\/index.php?rest_route=\/wp\/v2\/types\/post"}],"author":[{"embeddable":true,"href":"http:\/\/www.cgt-hopital-manosque.fr\/index.php?rest_route=\/wp\/v2\/users\/1"}],"replies":[{"embeddable":true,"href":"http:\/\/www.cgt-hopital-manosque.fr\/index.php?rest_route=%2Fwp%2Fv2%2Fcomments&post=5414"}],"version-history":[{"count":4,"href":"http:\/\/www.cgt-hopital-manosque.fr\/index.php?rest_route=\/wp\/v2\/posts\/5414\/revisions"}],"predecessor-version":[{"id":5422,"href":"http:\/\/www.cgt-hopital-manosque.fr\/index.php?rest_route=\/wp\/v2\/posts\/5414\/revisions\/5422"}],"wp:attachment":[{"href":"http:\/\/www.cgt-hopital-manosque.fr\/index.php?rest_route=%2Fwp%2Fv2%2Fmedia&parent=5414"}],"wp:term":[{"taxonomy":"category","embeddable":true,"href":"http:\/\/www.cgt-hopital-manosque.fr\/index.php?rest_route=%2Fwp%2Fv2%2Fcategories&post=5414"},{"taxonomy":"post_tag","embeddable":true,"href":"http:\/\/www.cgt-hopital-manosque.fr\/index.php?rest_route=%2Fwp%2Fv2%2Ftags&post=5414"}],"curies":[{"name":"wp","href":"https:\/\/api.w.org\/{rel}","templated":true}]}}