{"id":5426,"date":"2018-01-03T16:18:14","date_gmt":"2018-01-03T16:18:14","guid":{"rendered":"http:\/\/www.cgt-hopital-manosque.fr\/?p=5426"},"modified":"2018-01-03T16:18:14","modified_gmt":"2018-01-03T16:18:14","slug":"4-janvier-2018-anfh-paca-de-nombreuses-formations-gratuites-pour-2018-destinees-au-personnel-de-la-fph-de-la-region","status":"publish","type":"post","link":"http:\/\/www.cgt-hopital-manosque.fr\/?p=5426","title":{"rendered":"4 janvier 2018 &#8211; ANFH PACA : De nombreuses formations \u00ab\u00a0gratuites\u00a0\u00bb pour 2018 destin\u00e9es au personnel de la FPH de la r\u00e9gion"},"content":{"rendered":"<p><a href=\"http:\/\/www.cgt-hopital-manosque.fr\/wp-content\/uploads\/2018\/01\/873.-PAR-ANFH-PACA-2018.jpg\"><img loading=\"lazy\" decoding=\"async\" src=\"http:\/\/www.cgt-hopital-manosque.fr\/wp-content\/uploads\/2018\/01\/873.-PAR-ANFH-PACA-2018.jpg\" alt=\"PAR ANFH PACA 2018\" width=\"661\" height=\"943\" class=\"aligncenter size-full wp-image-5427\" srcset=\"http:\/\/www.cgt-hopital-manosque.fr\/wp-content\/uploads\/2018\/01\/873.-PAR-ANFH-PACA-2018.jpg 661w, http:\/\/www.cgt-hopital-manosque.fr\/wp-content\/uploads\/2018\/01\/873.-PAR-ANFH-PACA-2018-210x300.jpg 210w\" sizes=\"(max-width: 661px) 100vw, 661px\" \/><\/a><\/p>\n<p style= \"text-align: justify;\">L&rsquo;ANFH PACA propose des formations \u00ab\u00a0gratuites\u00a0\u00bb destin\u00e9es aux personnels de la fonction publique hospitali\u00e8re de la r\u00e9gion. Elles n&rsquo;affectent pas les budgets des plans de formation. Cependant, il faut rappeler que la formation est un droit pour tous les agents. Oui, un droit pour les titulaires, les stagiaires et les contractuels.  Elle fait partie du salaire socialis\u00e9 des agents.  Ce salaire socialis\u00e9 est issu de la valeur cr\u00e9\u00e9e par le travail de chaque agent. <\/p>\n<p style= \"text-align: justify;\">Quelques exemples de formations propos\u00e9es pour 2018 : <\/p>\n<p style= \"text-align: justify;\">&#8211; Accompagnement et prise en charge des adultes avec troubles du spectre autistique (TSA)<br \/>\n&#8211; Le r\u00f4le du coordonnateur au sein des \u00e9tablissements sociaux<br \/>\n&#8211; L\u2019humour dans la relation de soin et l\u2019accueil des patients<br \/>\n&#8211; Loi sur la fin de vie : directives anticip\u00e9es<br \/>\n&#8211; Prise en charge de la douleur et de la souffrance dans les maladies neuro-d\u00e9g\u00e9n\u00e9ratives (en \u00e9tablissement de sant\u00e9 et en EHPAD)<br \/>\n&#8211; Soins de support en canc\u00e9rologie<br \/>\n&#8211; EPRD dans les \u00e9tablissements sociaux et m\u00e9dico-sociaux<br \/>\n&#8211; Mettre en oeuvre des organisations m\u00e9dicales et soignantes autour des fili\u00e8res du projet m\u00e9dical et du projet de soins partag\u00e9s<br \/>\n&#8211; Formation des professionnels de sant\u00e9 en mati\u00e8re de vigilance, de pr\u00e9vention, de protection et de r\u00e9action pour l\u2019am\u00e9lioration de la s\u00e9curit\u00e9 globale<br \/>\n&#8211; Comment int\u00e9grer les nouveaux modes d\u2019apprentissage dans la politique de formation et d\u00e9terminer les m\u00e9thodes p\u00e9dagogiques appropri\u00e9es ?<br \/>\n&#8211; La simulation comme m\u00e9thode d\u2019apprentissage<br \/>\n&#8211; \u00catre tuteur de stage : optimiser les comp\u00e9tences des tuteurs de stagiaires param\u00e9dicaux<br \/>\n&#8211; Sensibilisation aux nouveau modes d\u2019apprentissage et outils p\u00e9dagogiques en formation<br \/>\n&#8211; Conduire un projet de mise en \u0153uvre du t\u00e9l\u00e9travail<br \/>\n&#8211; Fonction cadre : animer la dynamique qualit\u00e9 et contribuer \u00e0 la gestion des risques<br \/>\n&#8211; L\u2019impact du protocole Parcours professionnels, des carri\u00e8res et des r\u00e9mun\u00e9rations (Protocole PPCR) et nouvelles r\u00e8gles statutaires dans la FPH<br \/>\n&#8211; Reclassement professionnel et reconversion<br \/>\n&#8211; L\u2019impact de la r\u00e9forme de la retraite dans la FPH sur la gestion des dossiers<br \/>\n&#8211; R\u00e9f\u00e9rent handicap pour les \u00e9tablissements sociaux et m\u00e9dico-sociaux<br \/>\n&#8211; Mettre en \u0153uvre une d\u00e9marche de qualit\u00e9 de vie au travail (QVT) dans les \u00e9tablissements de la FPH <\/p>\n<p style= \"text-align: justify;\">Etc&#8230; <\/p>\n<p style= \"text-align: justify;\"><strong>Pour consulter le Plan d&rsquo;Actions R\u00e9gionales 2018, <a href=\"http:\/\/www.cgt-hopital-manosque.fr\/wp-content\/uploads\/2018\/01\/873.-ANFH_PAR_PACA_WEB.pdf\">CLIQUER ICI<\/a><br \/>\n<\/strong><\/p>\n<p style= \"text-align: justify;\">Pour toute question, n&rsquo;h\u00e9sitez pas \u00e0 nous contacter. <\/p>\n","protected":false},"excerpt":{"rendered":"<p>L&rsquo;ANFH PACA propose des formations \u00ab\u00a0gratuites\u00a0\u00bb destin\u00e9es aux personnels de la fonction publique hospitali\u00e8re de la r\u00e9gion. Elles n&rsquo;affectent pas les budgets des plans de formation. Cependant, il faut rappeler que la formation est un droit pour tous les agents. Oui, un droit pour les titulaires, les stagiaires et les contractuels. Elle fait partie du [&hellip;]<\/p>\n","protected":false},"author":1,"featured_media":0,"comment_status":"closed","ping_status":"closed","sticky":false,"template":"","format":"standard","meta":{"footnotes":""},"categories":[5],"tags":[],"views":1358,"_links":{"self":[{"href":"http:\/\/www.cgt-hopital-manosque.fr\/index.php?rest_route=\/wp\/v2\/posts\/5426"}],"collection":[{"href":"http:\/\/www.cgt-hopital-manosque.fr\/index.php?rest_route=\/wp\/v2\/posts"}],"about":[{"href":"http:\/\/www.cgt-hopital-manosque.fr\/index.php?rest_route=\/wp\/v2\/types\/post"}],"author":[{"embeddable":true,"href":"http:\/\/www.cgt-hopital-manosque.fr\/index.php?rest_route=\/wp\/v2\/users\/1"}],"replies":[{"embeddable":true,"href":"http:\/\/www.cgt-hopital-manosque.fr\/index.php?rest_route=%2Fwp%2Fv2%2Fcomments&post=5426"}],"version-history":[{"count":1,"href":"http:\/\/www.cgt-hopital-manosque.fr\/index.php?rest_route=\/wp\/v2\/posts\/5426\/revisions"}],"predecessor-version":[{"id":5429,"href":"http:\/\/www.cgt-hopital-manosque.fr\/index.php?rest_route=\/wp\/v2\/posts\/5426\/revisions\/5429"}],"wp:attachment":[{"href":"http:\/\/www.cgt-hopital-manosque.fr\/index.php?rest_route=%2Fwp%2Fv2%2Fmedia&parent=5426"}],"wp:term":[{"taxonomy":"category","embeddable":true,"href":"http:\/\/www.cgt-hopital-manosque.fr\/index.php?rest_route=%2Fwp%2Fv2%2Fcategories&post=5426"},{"taxonomy":"post_tag","embeddable":true,"href":"http:\/\/www.cgt-hopital-manosque.fr\/index.php?rest_route=%2Fwp%2Fv2%2Ftags&post=5426"}],"curies":[{"name":"wp","href":"https:\/\/api.w.org\/{rel}","templated":true}]}}