{"id":5463,"date":"2018-01-07T19:14:13","date_gmt":"2018-01-07T19:14:13","guid":{"rendered":"http:\/\/www.cgt-hopital-manosque.fr\/?p=5463"},"modified":"2018-01-07T19:21:38","modified_gmt":"2018-01-07T19:21:38","slug":"7-janvier-2018-lannee-2018-commence-mal-dans-les-hopitaux-et-ehpad-interview-de-christophe-prudhomme-medecin-urgentiste","status":"publish","type":"post","link":"http:\/\/www.cgt-hopital-manosque.fr\/?p=5463","title":{"rendered":"7 janvier 2018 &#8211; L&rsquo;ann\u00e9e 2018 commence mal dans les h\u00f4pitaux et EHPAD &#8211; Interview de Christophe Prudhomme, m\u00e9decin urgentiste"},"content":{"rendered":"<p><a href=\"http:\/\/www.cgt-hopital-manosque.fr\/wp-content\/uploads\/2018\/01\/876.-Vid\u00e9o-Christophe-Prudhomme.jpg\"><img loading=\"lazy\" decoding=\"async\" src=\"http:\/\/www.cgt-hopital-manosque.fr\/wp-content\/uploads\/2018\/01\/876.-Vid\u00e9o-Christophe-Prudhomme.jpg\" alt=\"876. Vid\u00e9o Christophe Prudhomme\" width=\"869\" height=\"497\" class=\"aligncenter size-full wp-image-5464\" srcset=\"http:\/\/www.cgt-hopital-manosque.fr\/wp-content\/uploads\/2018\/01\/876.-Vid\u00e9o-Christophe-Prudhomme.jpg 869w, http:\/\/www.cgt-hopital-manosque.fr\/wp-content\/uploads\/2018\/01\/876.-Vid\u00e9o-Christophe-Prudhomme-300x172.jpg 300w\" sizes=\"(max-width: 869px) 100vw, 869px\" \/><\/a><\/p>\n<p style= \"text-align: justify;\">\nLa CGT interviewe Christophe Prudhomme, m\u00e9decin urgentiste, sur la situation des \u00e9tablissements de sant\u00e9. Il \u00e9voque la crise du syst\u00e8me de sant\u00e9, celle des EPHAD (o\u00f9 une journ\u00e9e d&rsquo;action est pr\u00e9vue le 30\/01) et termine par des propositions CGT sur les aspects de financement des \u00e9tablissements.\n<\/p>\n<p style= \"text-align: justify;\"><strong><br \/>\nPOUR VOIR LA VIDEO, <a href=\"https:\/\/www.youtube.com\/watch?v=fgqdNZ9LOX8\"target=\"_blank\">CLIQUER ICI<\/a><\/strong><\/p>\n","protected":false},"excerpt":{"rendered":"<p>La CGT interviewe Christophe Prudhomme, m\u00e9decin urgentiste, sur la situation des \u00e9tablissements de sant\u00e9. Il \u00e9voque la crise du syst\u00e8me de sant\u00e9, celle des EPHAD (o\u00f9 une journ\u00e9e d&rsquo;action est pr\u00e9vue le 30\/01) et termine par des propositions CGT sur les aspects de financement des \u00e9tablissements. POUR VOIR LA VIDEO, CLIQUER ICI<\/p>\n","protected":false},"author":1,"featured_media":0,"comment_status":"closed","ping_status":"closed","sticky":false,"template":"","format":"standard","meta":{"footnotes":""},"categories":[8],"tags":[],"views":1215,"_links":{"self":[{"href":"http:\/\/www.cgt-hopital-manosque.fr\/index.php?rest_route=\/wp\/v2\/posts\/5463"}],"collection":[{"href":"http:\/\/www.cgt-hopital-manosque.fr\/index.php?rest_route=\/wp\/v2\/posts"}],"about":[{"href":"http:\/\/www.cgt-hopital-manosque.fr\/index.php?rest_route=\/wp\/v2\/types\/post"}],"author":[{"embeddable":true,"href":"http:\/\/www.cgt-hopital-manosque.fr\/index.php?rest_route=\/wp\/v2\/users\/1"}],"replies":[{"embeddable":true,"href":"http:\/\/www.cgt-hopital-manosque.fr\/index.php?rest_route=%2Fwp%2Fv2%2Fcomments&post=5463"}],"version-history":[{"count":4,"href":"http:\/\/www.cgt-hopital-manosque.fr\/index.php?rest_route=\/wp\/v2\/posts\/5463\/revisions"}],"predecessor-version":[{"id":5471,"href":"http:\/\/www.cgt-hopital-manosque.fr\/index.php?rest_route=\/wp\/v2\/posts\/5463\/revisions\/5471"}],"wp:attachment":[{"href":"http:\/\/www.cgt-hopital-manosque.fr\/index.php?rest_route=%2Fwp%2Fv2%2Fmedia&parent=5463"}],"wp:term":[{"taxonomy":"category","embeddable":true,"href":"http:\/\/www.cgt-hopital-manosque.fr\/index.php?rest_route=%2Fwp%2Fv2%2Fcategories&post=5463"},{"taxonomy":"post_tag","embeddable":true,"href":"http:\/\/www.cgt-hopital-manosque.fr\/index.php?rest_route=%2Fwp%2Fv2%2Ftags&post=5463"}],"curies":[{"name":"wp","href":"https:\/\/api.w.org\/{rel}","templated":true}]}}