{"id":5467,"date":"2018-01-07T19:18:42","date_gmt":"2018-01-07T19:18:42","guid":{"rendered":"http:\/\/www.cgt-hopital-manosque.fr\/?p=5467"},"modified":"2018-01-07T19:22:40","modified_gmt":"2018-01-07T19:22:40","slug":"8-janvier-2018-bonne-annee-mes-tres-chers-riches-intervention-de-pierre-lemaitre-sur-france-inter","status":"publish","type":"post","link":"http:\/\/www.cgt-hopital-manosque.fr\/?p=5467","title":{"rendered":"8 janvier 2018 &#8211; Bonne ann\u00e9e mes tr\u00e8s chers riches &#8211; Intervention de Pierre Lemaitre sur France Inter"},"content":{"rendered":"<p><a href=\"http:\/\/www.cgt-hopital-manosque.fr\/wp-content\/uploads\/2018\/01\/877.-Bonne-ann\u00e9e-mes-tr\u00e8s-chers-riches.jpg\"><img loading=\"lazy\" decoding=\"async\" src=\"http:\/\/www.cgt-hopital-manosque.fr\/wp-content\/uploads\/2018\/01\/877.-Bonne-ann\u00e9e-mes-tr\u00e8s-chers-riches.jpg\" alt=\"877. Bonne ann\u00e9e mes tr\u00e8s chers riches\" width=\"865\" height=\"498\" class=\"aligncenter size-full wp-image-5468\" srcset=\"http:\/\/www.cgt-hopital-manosque.fr\/wp-content\/uploads\/2018\/01\/877.-Bonne-ann\u00e9e-mes-tr\u00e8s-chers-riches.jpg 865w, http:\/\/www.cgt-hopital-manosque.fr\/wp-content\/uploads\/2018\/01\/877.-Bonne-ann\u00e9e-mes-tr\u00e8s-chers-riches-300x173.jpg 300w\" sizes=\"(max-width: 865px) 100vw, 865px\" \/><\/a><\/p>\n<p style= \"text-align: justify;\">\nIl y a quatre ans, il recevait le prix Goncourt pour \u00ab\u00a0Au revoir l\u00e0-haut\u00a0\u00bb. Avec \u00ab\u00a0Couleurs de l\u2019incendie\u00a0\u00bb, il poursuit son exploration de l\u2019histoire en nous transportant \u00e0 nouveau dans la p\u00e9riode de l\u2019entre deux guerres, sur fond de crises financi\u00e8res et de vengeance. Pierre Lemaitre \u00e9tait l&rsquo;invit\u00e9 d&rsquo;Augustin Trapenard ce 2 janvier 2018. Il adresse dans sa carte blanche ses meilleurs v\u0153ux pour 2018 aux \u00ab\u00a0riches\u00a0\u00bb.\n<\/p>\n<p style= \"text-align: justify;\"><strong><br \/>\nPOUR VOIR L&rsquo;INTERVENTION DE PIERRE LEMAITRE SUR FRANCE INTER, <a href=\" https:\/\/www.youtube.com\/watch?v=VyKh17VM-Zg\"target=\"_blank\">CLIQUER ICI<\/a><\/strong><\/p>\n","protected":false},"excerpt":{"rendered":"<p>Il y a quatre ans, il recevait le prix Goncourt pour \u00ab\u00a0Au revoir l\u00e0-haut\u00a0\u00bb. Avec \u00ab\u00a0Couleurs de l\u2019incendie\u00a0\u00bb, il poursuit son exploration de l\u2019histoire en nous transportant \u00e0 nouveau dans la p\u00e9riode de l\u2019entre deux guerres, sur fond de crises financi\u00e8res et de vengeance. Pierre Lemaitre \u00e9tait l&rsquo;invit\u00e9 d&rsquo;Augustin Trapenard ce 2 janvier 2018. Il [&hellip;]<\/p>\n","protected":false},"author":1,"featured_media":0,"comment_status":"closed","ping_status":"closed","sticky":false,"template":"","format":"standard","meta":{"footnotes":""},"categories":[8],"tags":[],"views":1347,"_links":{"self":[{"href":"http:\/\/www.cgt-hopital-manosque.fr\/index.php?rest_route=\/wp\/v2\/posts\/5467"}],"collection":[{"href":"http:\/\/www.cgt-hopital-manosque.fr\/index.php?rest_route=\/wp\/v2\/posts"}],"about":[{"href":"http:\/\/www.cgt-hopital-manosque.fr\/index.php?rest_route=\/wp\/v2\/types\/post"}],"author":[{"embeddable":true,"href":"http:\/\/www.cgt-hopital-manosque.fr\/index.php?rest_route=\/wp\/v2\/users\/1"}],"replies":[{"embeddable":true,"href":"http:\/\/www.cgt-hopital-manosque.fr\/index.php?rest_route=%2Fwp%2Fv2%2Fcomments&post=5467"}],"version-history":[{"count":3,"href":"http:\/\/www.cgt-hopital-manosque.fr\/index.php?rest_route=\/wp\/v2\/posts\/5467\/revisions"}],"predecessor-version":[{"id":5473,"href":"http:\/\/www.cgt-hopital-manosque.fr\/index.php?rest_route=\/wp\/v2\/posts\/5467\/revisions\/5473"}],"wp:attachment":[{"href":"http:\/\/www.cgt-hopital-manosque.fr\/index.php?rest_route=%2Fwp%2Fv2%2Fmedia&parent=5467"}],"wp:term":[{"taxonomy":"category","embeddable":true,"href":"http:\/\/www.cgt-hopital-manosque.fr\/index.php?rest_route=%2Fwp%2Fv2%2Fcategories&post=5467"},{"taxonomy":"post_tag","embeddable":true,"href":"http:\/\/www.cgt-hopital-manosque.fr\/index.php?rest_route=%2Fwp%2Fv2%2Ftags&post=5467"}],"curies":[{"name":"wp","href":"https:\/\/api.w.org\/{rel}","templated":true}]}}