{"id":5501,"date":"2018-01-15T19:21:39","date_gmt":"2018-01-15T19:21:39","guid":{"rendered":"http:\/\/www.cgt-hopital-manosque.fr\/?p=5501"},"modified":"2018-01-15T19:30:02","modified_gmt":"2018-01-15T19:30:02","slug":"16-janvier-2018-suicide-dune-salariee-de-43-ans-dans-un-ehpad-interview-de-christophe-prudhomme-medecin-urgentiste","status":"publish","type":"post","link":"http:\/\/www.cgt-hopital-manosque.fr\/?p=5501","title":{"rendered":"16 janvier 2018 &#8211; Suicide d&rsquo;une salari\u00e9e de 43 ans dans un EHPAD &#8211; Interview de Christophe Prudhomme, m\u00e9decin urgentiste"},"content":{"rendered":"<p><a href=\"http:\/\/www.cgt-hopital-manosque.fr\/wp-content\/uploads\/2018\/01\/883.-Suicide-dune-salari\u00e9e-de-43-ans-dans-un-EHPAD.jpg\"><img loading=\"lazy\" decoding=\"async\" src=\"http:\/\/www.cgt-hopital-manosque.fr\/wp-content\/uploads\/2018\/01\/883.-Suicide-dune-salari\u00e9e-de-43-ans-dans-un-EHPAD.jpg\" alt=\"Suicide d&#039;une salari\u00e9e de 43 ans dans un EHPAD\" width=\"868\" height=\"500\" class=\"aligncenter size-full wp-image-5502\" srcset=\"http:\/\/www.cgt-hopital-manosque.fr\/wp-content\/uploads\/2018\/01\/883.-Suicide-dune-salari\u00e9e-de-43-ans-dans-un-EHPAD.jpg 868w, http:\/\/www.cgt-hopital-manosque.fr\/wp-content\/uploads\/2018\/01\/883.-Suicide-dune-salari\u00e9e-de-43-ans-dans-un-EHPAD-300x173.jpg 300w\" sizes=\"(max-width: 868px) 100vw, 868px\" \/><\/a><\/p>\n<p style= \"text-align: justify;\">\n<p style= \"text-align: justify;\"> <strong><br \/>\nUne femme de 43 ans, en contrat aid\u00e9 en Ehpad, s&rsquo;est suicid\u00e9e le 9 janvier soit le lendemain o\u00f9 elle a appris que son contrat-aid\u00e9 ne serait pas renouvel\u00e9.<br \/>\n<\/strong><\/p>\n<p style= \"text-align: justify;\">\n<p style= \"text-align: justify;\"><strong><br \/>\nPOUR VISIONNER LA VIDEO, <a href=\"https:\/\/www.youtube.com\/watch?v=PpOLa9XtmUs\"target=\"_blank\">CLIQUER ICI<\/a><\/strong><\/p>\n<p style= \"text-align: justify;\">\n<p style= \"text-align: justify;\"><strong> >> POUR CONSULTER NOTRE DOSSIER COMPLET SUR LES EHPAD \/ EPS \/ MAISONS DE RETRAITE DU DEPARTEMENT (AVEC LES DIFFERENTS ARTICLES ET TRACTS), <a href=\"http:\/\/www.cgt-hopital-manosque.fr\/?p=5208\" target=\"_blank\">CLIQUER ICI<\/a><\/strong><\/p>\n","protected":false},"excerpt":{"rendered":"<p>Une femme de 43 ans, en contrat aid\u00e9 en Ehpad, s&rsquo;est suicid\u00e9e le 9 janvier soit le lendemain o\u00f9 elle a appris que son contrat-aid\u00e9 ne serait pas renouvel\u00e9. POUR VISIONNER LA VIDEO, CLIQUER ICI >> POUR CONSULTER NOTRE DOSSIER COMPLET SUR LES EHPAD \/ EPS \/ MAISONS DE RETRAITE DU DEPARTEMENT (AVEC LES DIFFERENTS [&hellip;]<\/p>\n","protected":false},"author":1,"featured_media":0,"comment_status":"closed","ping_status":"closed","sticky":false,"template":"","format":"standard","meta":{"footnotes":""},"categories":[8],"tags":[],"views":2799,"_links":{"self":[{"href":"http:\/\/www.cgt-hopital-manosque.fr\/index.php?rest_route=\/wp\/v2\/posts\/5501"}],"collection":[{"href":"http:\/\/www.cgt-hopital-manosque.fr\/index.php?rest_route=\/wp\/v2\/posts"}],"about":[{"href":"http:\/\/www.cgt-hopital-manosque.fr\/index.php?rest_route=\/wp\/v2\/types\/post"}],"author":[{"embeddable":true,"href":"http:\/\/www.cgt-hopital-manosque.fr\/index.php?rest_route=\/wp\/v2\/users\/1"}],"replies":[{"embeddable":true,"href":"http:\/\/www.cgt-hopital-manosque.fr\/index.php?rest_route=%2Fwp%2Fv2%2Fcomments&post=5501"}],"version-history":[{"count":2,"href":"http:\/\/www.cgt-hopital-manosque.fr\/index.php?rest_route=\/wp\/v2\/posts\/5501\/revisions"}],"predecessor-version":[{"id":5505,"href":"http:\/\/www.cgt-hopital-manosque.fr\/index.php?rest_route=\/wp\/v2\/posts\/5501\/revisions\/5505"}],"wp:attachment":[{"href":"http:\/\/www.cgt-hopital-manosque.fr\/index.php?rest_route=%2Fwp%2Fv2%2Fmedia&parent=5501"}],"wp:term":[{"taxonomy":"category","embeddable":true,"href":"http:\/\/www.cgt-hopital-manosque.fr\/index.php?rest_route=%2Fwp%2Fv2%2Fcategories&post=5501"},{"taxonomy":"post_tag","embeddable":true,"href":"http:\/\/www.cgt-hopital-manosque.fr\/index.php?rest_route=%2Fwp%2Fv2%2Ftags&post=5501"}],"curies":[{"name":"wp","href":"https:\/\/api.w.org\/{rel}","templated":true}]}}