{"id":5506,"date":"2018-01-16T16:43:55","date_gmt":"2018-01-16T16:43:55","guid":{"rendered":"http:\/\/www.cgt-hopital-manosque.fr\/?p=5506"},"modified":"2018-01-16T16:51:37","modified_gmt":"2018-01-16T16:51:37","slug":"17-janvier-2017-licenciements-des-fonctionnaires-la-nouvelle-attaque-du-gouvernement-macron-interview-de-jean-claude-ghennai-secretaire-general-du-syndicat-cgt-du-centre-hospitalier-de-manosque","status":"publish","type":"post","link":"http:\/\/www.cgt-hopital-manosque.fr\/?p=5506","title":{"rendered":"17 janvier 2018 &#8211; Licenciements des fonctionnaires : la nouvelle attaque du gouvernement Macron &#8211; Interview de Jean-Claude Ghenna\u00ef, Secr\u00e9taire G\u00e9n\u00e9ral du syndicat CGT du Centre Hospitalier de Manosque"},"content":{"rendered":"<p><a href=\"http:\/\/www.cgt-hopital-manosque.fr\/wp-content\/uploads\/2018\/01\/882.-Photo-Jean-Claude-Ghenna\u00ef.jpg\"><img loading=\"lazy\" decoding=\"async\" src=\"http:\/\/www.cgt-hopital-manosque.fr\/wp-content\/uploads\/2018\/01\/882.-Photo-Jean-Claude-Ghenna\u00ef.jpg\" alt=\"Photo Jean-Claude Ghenna\u00ef\" width=\"576\" height=\"768\" class=\"aligncenter size-full wp-image-5507\" srcset=\"http:\/\/www.cgt-hopital-manosque.fr\/wp-content\/uploads\/2018\/01\/882.-Photo-Jean-Claude-Ghenna\u00ef.jpg 576w, http:\/\/www.cgt-hopital-manosque.fr\/wp-content\/uploads\/2018\/01\/882.-Photo-Jean-Claude-Ghenna\u00ef-225x300.jpg 225w\" sizes=\"(max-width: 576px) 100vw, 576px\" \/><\/a><\/p>\n<p style= \"text-align: justify;\">Licenciements des fonctionnaires : la nouvelle attaque du gouvernement Macron &#8211; Interview de Jean-Claude Ghenna\u00ef, Secr\u00e9taire G\u00e9n\u00e9ral du syndicat CGT du Centre Hospitalier de Manosque.<\/p>\n<p style= \"text-align: justify;\">\u00ab\u00a0Un d\u00e9cret est en cours de r\u00e9daction au minist\u00e8re de la sant\u00e9 afin d&rsquo;organiser les licenciements dans les h\u00f4pitaux par des suppressions d&#8217;emplois. Le projet de d\u00e9cret devrait \u00eatre pr\u00e9sent\u00e9 \u00e0 un Conseil Sup\u00e9rieur de la Fonction Publique d\u00e9but 2018. Ce serait la premi\u00e8re fois depuis 1986, date du statut, qu&rsquo;un gouvernement oserait passer \u00e0 l&rsquo;acte sur le licenciement des fonctionnaires. <\/p>\n<p style= \"text-align: justify;\">Il y a certainement un lien entre la volont\u00e9 de sortir ce d\u00e9cret et la volont\u00e9 de passer de 1000 \u00e9tablissements hospitaliers \u00e0 135 GHT (Groupements Hospitaliers de Territoires). <\/p>\n<p style= \"text-align: justify;\">Il y a certainement un lien \u00e9galement entre ce projet et les mesures d&rsquo;\u00e9conomies impos\u00e9es comme les 4,2 milliards d&rsquo;euros dans le budget 2018 pour les d\u00e9penses de sant\u00e9. <\/p>\n<p style= \"text-align: justify;\">Il va \u00eatre indispensable que tous les syndicats parlent d&rsquo;une m\u00eame voix et montre la m\u00eame d\u00e9termination face \u00e0 une attaque d&rsquo;une telle ampleur et pour s&rsquo;opposer avec force \u00e0 ce projet de d\u00e9cret afin qu&rsquo;il ne sorte pas. <\/p>\n<p style= \"text-align: justify;\">Sur les GHT, ils sont entrain d&rsquo;appuyer sur tous les leviers en m\u00eame temps, ce qui risque de faire des ravages. <\/p>\n<p style= \"text-align: justify;\">Ils veulent toujours aller vers le moins-disant, nous on veut toujours aller vers le mieux disant pour les personnels et la population. <\/p>\n<p style= \"text-align: justify;\">Le moins disant pour le peuple signifie bien entendu le maximum pour les 1% les plus riches. D&rsquo;ailleurs \u00e0 ce sujet, la France est championne d&rsquo;Europe du reversement des dividendes aux actionnaires (56 milliards environ). Et c&rsquo;est le pays qui a connu la plus forte progression dans le monde. C&rsquo;est la crise pour certains et la f\u00eate pour d&rsquo;autres. <\/p>\n<p style= \"text-align: justify;\">De plus, l&rsquo;\u00e9vasion fiscale co\u00fbte chaque ann\u00e9e 60 \u00e0 80 milliards d&rsquo;euros \u00e0 la France, soit l&rsquo;\u00e9quivalent du budget de l\u2019\u00c9ducation nationale.  Sur une ann\u00e9e, fraude et \u00e9vasion repr\u00e9sentent environ 100 milliards d&rsquo;euros. Mais il vaut mieux s\u2019occuper du trou de la s\u00e9cu qui est pour 2017 autour de 5 milliards d\u2019euros. <\/p>\n<p style= \"text-align: justify;\">Si on laisse faire, bient\u00f4t, il n&rsquo;y aura plus de fonctionnaires, plus de syndicats pour les d\u00e9fendre, plus de s\u00e9curit\u00e9 sociale, et plus que quelques h\u00f4pitaux&#8230; Il va falloir que les salari\u00e9s, et plus globalement les citoyens, comprennent bien ce qui se passe et prennent une position franche dans la mobilisation.\u00a0\u00bb <\/p>\n","protected":false},"excerpt":{"rendered":"<p>Licenciements des fonctionnaires : la nouvelle attaque du gouvernement Macron &#8211; Interview de Jean-Claude Ghenna\u00ef, Secr\u00e9taire G\u00e9n\u00e9ral du syndicat CGT du Centre Hospitalier de Manosque. \u00ab\u00a0Un d\u00e9cret est en cours de r\u00e9daction au minist\u00e8re de la sant\u00e9 afin d&rsquo;organiser les licenciements dans les h\u00f4pitaux par des suppressions d&#8217;emplois. Le projet de d\u00e9cret devrait \u00eatre pr\u00e9sent\u00e9 [&hellip;]<\/p>\n","protected":false},"author":1,"featured_media":0,"comment_status":"closed","ping_status":"closed","sticky":false,"template":"","format":"standard","meta":{"footnotes":""},"categories":[7],"tags":[],"views":1620,"_links":{"self":[{"href":"http:\/\/www.cgt-hopital-manosque.fr\/index.php?rest_route=\/wp\/v2\/posts\/5506"}],"collection":[{"href":"http:\/\/www.cgt-hopital-manosque.fr\/index.php?rest_route=\/wp\/v2\/posts"}],"about":[{"href":"http:\/\/www.cgt-hopital-manosque.fr\/index.php?rest_route=\/wp\/v2\/types\/post"}],"author":[{"embeddable":true,"href":"http:\/\/www.cgt-hopital-manosque.fr\/index.php?rest_route=\/wp\/v2\/users\/1"}],"replies":[{"embeddable":true,"href":"http:\/\/www.cgt-hopital-manosque.fr\/index.php?rest_route=%2Fwp%2Fv2%2Fcomments&post=5506"}],"version-history":[{"count":5,"href":"http:\/\/www.cgt-hopital-manosque.fr\/index.php?rest_route=\/wp\/v2\/posts\/5506\/revisions"}],"predecessor-version":[{"id":5512,"href":"http:\/\/www.cgt-hopital-manosque.fr\/index.php?rest_route=\/wp\/v2\/posts\/5506\/revisions\/5512"}],"wp:attachment":[{"href":"http:\/\/www.cgt-hopital-manosque.fr\/index.php?rest_route=%2Fwp%2Fv2%2Fmedia&parent=5506"}],"wp:term":[{"taxonomy":"category","embeddable":true,"href":"http:\/\/www.cgt-hopital-manosque.fr\/index.php?rest_route=%2Fwp%2Fv2%2Fcategories&post=5506"},{"taxonomy":"post_tag","embeddable":true,"href":"http:\/\/www.cgt-hopital-manosque.fr\/index.php?rest_route=%2Fwp%2Fv2%2Ftags&post=5506"}],"curies":[{"name":"wp","href":"https:\/\/api.w.org\/{rel}","templated":true}]}}