{"id":5513,"date":"2018-01-17T20:08:25","date_gmt":"2018-01-17T20:08:25","guid":{"rendered":"http:\/\/www.cgt-hopital-manosque.fr\/?p=5513"},"modified":"2018-01-17T20:08:46","modified_gmt":"2018-01-17T20:08:46","slug":"18-janvier-2018-le-benevolat-non-merci-assemblee-generale-des-salaries-le-29-janvier","status":"publish","type":"post","link":"http:\/\/www.cgt-hopital-manosque.fr\/?p=5513","title":{"rendered":"18 janvier 2018 &#8211; Le b\u00e9n\u00e9volat : non merci ! (Assembl\u00e9e g\u00e9n\u00e9rale des salari\u00e9s le 29 janvier)"},"content":{"rendered":"<p><a href=\"http:\/\/www.cgt-hopital-manosque.fr\/wp-content\/uploads\/2018\/01\/885.-Assembl\u00e9e-g\u00e9n\u00e9rale-h\u00f4pital-temps-de-travail.jpg\"><img loading=\"lazy\" decoding=\"async\" src=\"http:\/\/www.cgt-hopital-manosque.fr\/wp-content\/uploads\/2018\/01\/885.-Assembl\u00e9e-g\u00e9n\u00e9rale-h\u00f4pital-temps-de-travail.jpg\" alt=\"Assembl\u00e9e g\u00e9n\u00e9rale h\u00f4pital temps de travail\" width=\"759\" height=\"955\" class=\"aligncenter size-full wp-image-5514\" srcset=\"http:\/\/www.cgt-hopital-manosque.fr\/wp-content\/uploads\/2018\/01\/885.-Assembl\u00e9e-g\u00e9n\u00e9rale-h\u00f4pital-temps-de-travail.jpg 759w, http:\/\/www.cgt-hopital-manosque.fr\/wp-content\/uploads\/2018\/01\/885.-Assembl\u00e9e-g\u00e9n\u00e9rale-h\u00f4pital-temps-de-travail-238x300.jpg 238w\" sizes=\"(max-width: 759px) 100vw, 759px\" \/><\/a><\/p>\n","protected":false},"excerpt":{"rendered":"","protected":false},"author":1,"featured_media":0,"comment_status":"closed","ping_status":"closed","sticky":false,"template":"","format":"standard","meta":{"footnotes":""},"categories":[7],"tags":[],"views":1400,"_links":{"self":[{"href":"http:\/\/www.cgt-hopital-manosque.fr\/index.php?rest_route=\/wp\/v2\/posts\/5513"}],"collection":[{"href":"http:\/\/www.cgt-hopital-manosque.fr\/index.php?rest_route=\/wp\/v2\/posts"}],"about":[{"href":"http:\/\/www.cgt-hopital-manosque.fr\/index.php?rest_route=\/wp\/v2\/types\/post"}],"author":[{"embeddable":true,"href":"http:\/\/www.cgt-hopital-manosque.fr\/index.php?rest_route=\/wp\/v2\/users\/1"}],"replies":[{"embeddable":true,"href":"http:\/\/www.cgt-hopital-manosque.fr\/index.php?rest_route=%2Fwp%2Fv2%2Fcomments&post=5513"}],"version-history":[{"count":2,"href":"http:\/\/www.cgt-hopital-manosque.fr\/index.php?rest_route=\/wp\/v2\/posts\/5513\/revisions"}],"predecessor-version":[{"id":5516,"href":"http:\/\/www.cgt-hopital-manosque.fr\/index.php?rest_route=\/wp\/v2\/posts\/5513\/revisions\/5516"}],"wp:attachment":[{"href":"http:\/\/www.cgt-hopital-manosque.fr\/index.php?rest_route=%2Fwp%2Fv2%2Fmedia&parent=5513"}],"wp:term":[{"taxonomy":"category","embeddable":true,"href":"http:\/\/www.cgt-hopital-manosque.fr\/index.php?rest_route=%2Fwp%2Fv2%2Fcategories&post=5513"},{"taxonomy":"post_tag","embeddable":true,"href":"http:\/\/www.cgt-hopital-manosque.fr\/index.php?rest_route=%2Fwp%2Fv2%2Ftags&post=5513"}],"curies":[{"name":"wp","href":"https:\/\/api.w.org\/{rel}","templated":true}]}}