{"id":5518,"date":"2018-01-20T18:02:24","date_gmt":"2018-01-20T18:02:24","guid":{"rendered":"http:\/\/www.cgt-hopital-manosque.fr\/?p=5518"},"modified":"2018-01-20T18:09:25","modified_gmt":"2018-01-20T18:09:25","slug":"20-janvier-2018-dossier-special-ehpad-paru-dans-le-journal-la-marseillaise-du-jour","status":"publish","type":"post","link":"http:\/\/www.cgt-hopital-manosque.fr\/?p=5518","title":{"rendered":"20 janvier 2018 &#8211; Dossier sp\u00e9cial EHPAD &#8211; Paru dans le journal \u00ab\u00a0La Marseillaise\u00a0\u00bb du jour"},"content":{"rendered":"<p><a href=\"http:\/\/www.cgt-hopital-manosque.fr\/wp-content\/uploads\/2018\/01\/886.-Article-sur-la-journ\u00e9e-daction-des-EHPAD-en-PACA.jpg\"><img loading=\"lazy\" decoding=\"async\" src=\"http:\/\/www.cgt-hopital-manosque.fr\/wp-content\/uploads\/2018\/01\/886.-Article-sur-la-journ\u00e9e-daction-des-EHPAD-en-PACA.jpg\" alt=\"Article sur la journ\u00e9e d&#039;action des EHPAD en PACA\" width=\"643\" height=\"891\" class=\"aligncenter size-full wp-image-5519\" srcset=\"http:\/\/www.cgt-hopital-manosque.fr\/wp-content\/uploads\/2018\/01\/886.-Article-sur-la-journ\u00e9e-daction-des-EHPAD-en-PACA.jpg 643w, http:\/\/www.cgt-hopital-manosque.fr\/wp-content\/uploads\/2018\/01\/886.-Article-sur-la-journ\u00e9e-daction-des-EHPAD-en-PACA-216x300.jpg 216w\" sizes=\"(max-width: 643px) 100vw, 643px\" \/><\/a><\/p>\n<p style= \"text-align: justify;\">\n<p style= \"text-align: justify;\">\nSommaire :<br \/>\nPage 2 : T\u00e9moignages de personnels<br \/>\nPage 3 : Interview de C\u00e9dric Volait pour le syndicat CGT Sant\u00e9 PACA<br \/>\n+ T\u00e9moignages de famille de r\u00e9sidents<br \/>\nPage 4 : Un point sur le rapport parlementaire Iborra sur les EHPAD\n<\/p>\n<p style= \"text-align: justify;\">\n<p style= \"text-align: justify;\"><strong><br \/>\nPOUR CONSULTER LE DOSSIER COMPLET DU JOURNAL \u00ab\u00a0LA MARSEILLAISE\u00a0\u00bb DE CE JOUR : <a href=\"http:\/\/www.cgt-hopital-manosque.fr\/wp-content\/uploads\/2018\/01\/886.-Article-EHPAD-La-Marseillaise-du-20-janvier-2018.pdf\">CLIQUER ICI<\/a> <\/strong><\/p>\n<p style= \"text-align: justify;\">\n<p style= \"text-align: justify;\"><strong> >> POUR CONSULTER NOTRE DOSSIER COMPLET SUR LES EHPAD \/ EPS \/ MAISONS DE RETRAITE DU DEPARTEMENT (AVEC LES DIFFERENTS ARTICLES ET TRACTS), <a href=\"http:\/\/www.cgt-hopital-manosque.fr\/?p=5208\" target=\"_blank\">CLIQUER ICI<\/a><\/strong><\/p>\n","protected":false},"excerpt":{"rendered":"<p>Sommaire : Page 2 : T\u00e9moignages de personnels Page 3 : Interview de C\u00e9dric Volait pour le syndicat CGT Sant\u00e9 PACA + T\u00e9moignages de famille de r\u00e9sidents Page 4 : Un point sur le rapport parlementaire Iborra sur les EHPAD POUR CONSULTER LE DOSSIER COMPLET DU JOURNAL \u00ab\u00a0LA MARSEILLAISE\u00a0\u00bb DE CE JOUR : CLIQUER ICI [&hellip;]<\/p>\n","protected":false},"author":1,"featured_media":0,"comment_status":"closed","ping_status":"closed","sticky":false,"template":"","format":"standard","meta":{"footnotes":""},"categories":[8],"tags":[],"views":1978,"_links":{"self":[{"href":"http:\/\/www.cgt-hopital-manosque.fr\/index.php?rest_route=\/wp\/v2\/posts\/5518"}],"collection":[{"href":"http:\/\/www.cgt-hopital-manosque.fr\/index.php?rest_route=\/wp\/v2\/posts"}],"about":[{"href":"http:\/\/www.cgt-hopital-manosque.fr\/index.php?rest_route=\/wp\/v2\/types\/post"}],"author":[{"embeddable":true,"href":"http:\/\/www.cgt-hopital-manosque.fr\/index.php?rest_route=\/wp\/v2\/users\/1"}],"replies":[{"embeddable":true,"href":"http:\/\/www.cgt-hopital-manosque.fr\/index.php?rest_route=%2Fwp%2Fv2%2Fcomments&post=5518"}],"version-history":[{"count":3,"href":"http:\/\/www.cgt-hopital-manosque.fr\/index.php?rest_route=\/wp\/v2\/posts\/5518\/revisions"}],"predecessor-version":[{"id":5523,"href":"http:\/\/www.cgt-hopital-manosque.fr\/index.php?rest_route=\/wp\/v2\/posts\/5518\/revisions\/5523"}],"wp:attachment":[{"href":"http:\/\/www.cgt-hopital-manosque.fr\/index.php?rest_route=%2Fwp%2Fv2%2Fmedia&parent=5518"}],"wp:term":[{"taxonomy":"category","embeddable":true,"href":"http:\/\/www.cgt-hopital-manosque.fr\/index.php?rest_route=%2Fwp%2Fv2%2Fcategories&post=5518"},{"taxonomy":"post_tag","embeddable":true,"href":"http:\/\/www.cgt-hopital-manosque.fr\/index.php?rest_route=%2Fwp%2Fv2%2Ftags&post=5518"}],"curies":[{"name":"wp","href":"https:\/\/api.w.org\/{rel}","templated":true}]}}