{"id":5525,"date":"2018-01-21T17:30:54","date_gmt":"2018-01-21T17:30:54","guid":{"rendered":"http:\/\/www.cgt-hopital-manosque.fr\/?p=5525"},"modified":"2018-01-21T17:35:01","modified_gmt":"2018-01-21T17:35:01","slug":"22-janvier-2018-bonjour-peut-on-etre-sanctionne-deux-dois-pour-des-memes-faits","status":"publish","type":"post","link":"http:\/\/www.cgt-hopital-manosque.fr\/?p=5525","title":{"rendered":"22 janvier 2018 &#8211; Bonjour, peut-on \u00eatre sanctionn\u00e9 deux fois pour des m\u00eames faits ?"},"content":{"rendered":"<p><a href=\"http:\/\/www.cgt-hopital-manosque.fr\/wp-content\/uploads\/2015\/10\/642.-Question-r\u00e9ponse-sur-la-maladie-et-la-retraite.png\"><img loading=\"lazy\" decoding=\"async\" src=\"http:\/\/www.cgt-hopital-manosque.fr\/wp-content\/uploads\/2015\/10\/642.-Question-r\u00e9ponse-sur-la-maladie-et-la-retraite.png\" alt=\"Question r\u00e9ponse FPH h\u00f4pital\" width=\"380\" height=\"140\" class=\"aligncenter size-full wp-image-3844\" srcset=\"http:\/\/www.cgt-hopital-manosque.fr\/wp-content\/uploads\/2015\/10\/642.-Question-r\u00e9ponse-sur-la-maladie-et-la-retraite.png 380w, http:\/\/www.cgt-hopital-manosque.fr\/wp-content\/uploads\/2015\/10\/642.-Question-r\u00e9ponse-sur-la-maladie-et-la-retraite-300x111.png 300w\" sizes=\"(max-width: 380px) 100vw, 380px\" \/><\/a><\/p>\n<p style= \"text-align: justify;\">Bonjour,<br \/>\nNon, on ne peut pas \u00eatre sanctionn\u00e9 deux dois pour les m\u00eames faits. Par exemple, r\u00e9cemment, on a vu une direction infliger un bl\u00e2me \u00e0 un agent et lui abaisser sa note de 2 points. Cela est compl\u00e8tement ill\u00e9gal. <\/p>\n<p style= \"text-align: justify;\">Un agent ne peut pas faire n&rsquo;importe quoi mais une direction non plus. <\/p>\n<p style= \"text-align: justify;\">Quelques r\u00e9f\u00e9rences : <\/p>\n<p style= \"text-align: justify;\">>> CAA de Lyon &#8211; Comon &#8211; 28 avril 2000, n\u00b0 97LY21259 : <\/p>\n<p style= \"text-align: justify;\">Condamnation du Centre Hospitalier G\u00e9n\u00e9ral de Tonnerre pour avoir sanctionn\u00e9 plusieurs fois un agent pour les m\u00eames faits. <\/p>\n<p style= \"text-align: justify;\">>> CAA de Douai du 7 juillet 2011, n\u00b0 10DA00916 : <\/p>\n<p style= \"text-align: justify;\">Il avait \u00e9t\u00e9 inflig\u00e9 \u00e0 l&rsquo;agent une exclusion temporaire et une baisse de sa note. L&rsquo;agent a contest\u00e9 ces sanctions. La Cour Administrative d&rsquo;Appel a mis en avant qu&rsquo;on ne pouvait pas \u00e9dicter deux sanctions en m\u00eame temps. La CAA a annul\u00e9 les deux sanctions. <\/p>\n<p style= \"text-align: justify;\">Il nous semble important de rappeler \u00e9galement que les sanctions d\u00e9guis\u00e9es ne sont pas autoris\u00e9es. Ainsi, la mutation d\u2019un agent en vue d\u2019obtenir un effet \u00e9quivalent \u00e0 la sanction disciplinaire est ill\u00e9gale. <\/p>\n<p style= \"text-align: justify;\">Rappel :<br \/>\nL\u2019agent sanctionn\u00e9 a la possibilit\u00e9 d\u2019engager une proc\u00e9dure en contentieux et saisir le Tribunal Administratif dans un d\u00e9lai de 2 mois \u00e0 compter de la notification de la d\u00e9cision de la sanction pour demander l\u2019annulation de la sanction et v\u00e9rifier le respect de la proc\u00e9dure disciplinaire. <\/p>\n","protected":false},"excerpt":{"rendered":"<p>Bonjour, Non, on ne peut pas \u00eatre sanctionn\u00e9 deux dois pour les m\u00eames faits. Par exemple, r\u00e9cemment, on a vu une direction infliger un bl\u00e2me \u00e0 un agent et lui abaisser sa note de 2 points. Cela est compl\u00e8tement ill\u00e9gal. Un agent ne peut pas faire n&rsquo;importe quoi mais une direction non plus. Quelques r\u00e9f\u00e9rences [&hellip;]<\/p>\n","protected":false},"author":1,"featured_media":0,"comment_status":"closed","ping_status":"closed","sticky":false,"template":"","format":"standard","meta":{"footnotes":""},"categories":[5],"tags":[],"views":1307,"_links":{"self":[{"href":"http:\/\/www.cgt-hopital-manosque.fr\/index.php?rest_route=\/wp\/v2\/posts\/5525"}],"collection":[{"href":"http:\/\/www.cgt-hopital-manosque.fr\/index.php?rest_route=\/wp\/v2\/posts"}],"about":[{"href":"http:\/\/www.cgt-hopital-manosque.fr\/index.php?rest_route=\/wp\/v2\/types\/post"}],"author":[{"embeddable":true,"href":"http:\/\/www.cgt-hopital-manosque.fr\/index.php?rest_route=\/wp\/v2\/users\/1"}],"replies":[{"embeddable":true,"href":"http:\/\/www.cgt-hopital-manosque.fr\/index.php?rest_route=%2Fwp%2Fv2%2Fcomments&post=5525"}],"version-history":[{"count":3,"href":"http:\/\/www.cgt-hopital-manosque.fr\/index.php?rest_route=\/wp\/v2\/posts\/5525\/revisions"}],"predecessor-version":[{"id":5528,"href":"http:\/\/www.cgt-hopital-manosque.fr\/index.php?rest_route=\/wp\/v2\/posts\/5525\/revisions\/5528"}],"wp:attachment":[{"href":"http:\/\/www.cgt-hopital-manosque.fr\/index.php?rest_route=%2Fwp%2Fv2%2Fmedia&parent=5525"}],"wp:term":[{"taxonomy":"category","embeddable":true,"href":"http:\/\/www.cgt-hopital-manosque.fr\/index.php?rest_route=%2Fwp%2Fv2%2Fcategories&post=5525"},{"taxonomy":"post_tag","embeddable":true,"href":"http:\/\/www.cgt-hopital-manosque.fr\/index.php?rest_route=%2Fwp%2Fv2%2Ftags&post=5525"}],"curies":[{"name":"wp","href":"https:\/\/api.w.org\/{rel}","templated":true}]}}