{"id":5543,"date":"2018-01-27T13:49:13","date_gmt":"2018-01-27T13:49:13","guid":{"rendered":"http:\/\/www.cgt-hopital-manosque.fr\/?p=5543"},"modified":"2018-01-27T13:49:13","modified_gmt":"2018-01-27T13:49:13","slug":"27-janvier-2018-tract-securite-sociale-la-secu-une-conquete-denvergure","status":"publish","type":"post","link":"http:\/\/www.cgt-hopital-manosque.fr\/?p=5543","title":{"rendered":"27 janvier 2018 &#8211; Tract s\u00e9curit\u00e9 sociale &#8211; La S\u00e9cu, une conqu\u00eate d&rsquo;envergure"},"content":{"rendered":"<p><a href=\"http:\/\/www.cgt-hopital-manosque.fr\/wp-content\/uploads\/2018\/01\/889.-Tract-s\u00e9curit\u00e9-sociale-janvier-2018-1.jpg\"><img loading=\"lazy\" decoding=\"async\" src=\"http:\/\/www.cgt-hopital-manosque.fr\/wp-content\/uploads\/2018\/01\/889.-Tract-s\u00e9curit\u00e9-sociale-janvier-2018-1.jpg\" alt=\"889. Tract s\u00e9curit\u00e9 sociale janvier 2018 (1)\" width=\"639\" height=\"911\" class=\"aligncenter size-full wp-image-5544\" srcset=\"http:\/\/www.cgt-hopital-manosque.fr\/wp-content\/uploads\/2018\/01\/889.-Tract-s\u00e9curit\u00e9-sociale-janvier-2018-1.jpg 639w, http:\/\/www.cgt-hopital-manosque.fr\/wp-content\/uploads\/2018\/01\/889.-Tract-s\u00e9curit\u00e9-sociale-janvier-2018-1-210x300.jpg 210w\" sizes=\"(max-width: 639px) 100vw, 639px\" \/><\/a><\/p>\n<p style= \"text-align: justify;\">\n<p><a href=\"http:\/\/www.cgt-hopital-manosque.fr\/wp-content\/uploads\/2018\/01\/889.-Tract-s\u00e9curit\u00e9-sociale-janvier-2018-2.jpg\"><img loading=\"lazy\" decoding=\"async\" src=\"http:\/\/www.cgt-hopital-manosque.fr\/wp-content\/uploads\/2018\/01\/889.-Tract-s\u00e9curit\u00e9-sociale-janvier-2018-2.jpg\" alt=\"889. Tract s\u00e9curit\u00e9 sociale janvier 2018 (2)\" width=\"675\" height=\"909\" class=\"aligncenter size-full wp-image-5545\" srcset=\"http:\/\/www.cgt-hopital-manosque.fr\/wp-content\/uploads\/2018\/01\/889.-Tract-s\u00e9curit\u00e9-sociale-janvier-2018-2.jpg 675w, http:\/\/www.cgt-hopital-manosque.fr\/wp-content\/uploads\/2018\/01\/889.-Tract-s\u00e9curit\u00e9-sociale-janvier-2018-2-223x300.jpg 223w\" sizes=\"(max-width: 675px) 100vw, 675px\" \/><\/a><\/p>\n<p style= \"text-align: justify;\">\n<p style= \"text-align: justify;\"><strong><br \/>\nPOUR CONSULTER LE DOCUMENT COMPLET, <a href=\"http:\/\/www.cgt-hopital-manosque.fr\/wp-content\/uploads\/2018\/01\/889.-Tract-s\u00e9cu-janvier-2018.pdf\">CLIQUER ICI<\/a><br \/>\n<\/strong><\/p>\n","protected":false},"excerpt":{"rendered":"<p>POUR CONSULTER LE DOCUMENT COMPLET, CLIQUER ICI<\/p>\n","protected":false},"author":1,"featured_media":0,"comment_status":"closed","ping_status":"closed","sticky":false,"template":"","format":"standard","meta":{"footnotes":""},"categories":[8],"tags":[],"views":1471,"_links":{"self":[{"href":"http:\/\/www.cgt-hopital-manosque.fr\/index.php?rest_route=\/wp\/v2\/posts\/5543"}],"collection":[{"href":"http:\/\/www.cgt-hopital-manosque.fr\/index.php?rest_route=\/wp\/v2\/posts"}],"about":[{"href":"http:\/\/www.cgt-hopital-manosque.fr\/index.php?rest_route=\/wp\/v2\/types\/post"}],"author":[{"embeddable":true,"href":"http:\/\/www.cgt-hopital-manosque.fr\/index.php?rest_route=\/wp\/v2\/users\/1"}],"replies":[{"embeddable":true,"href":"http:\/\/www.cgt-hopital-manosque.fr\/index.php?rest_route=%2Fwp%2Fv2%2Fcomments&post=5543"}],"version-history":[{"count":1,"href":"http:\/\/www.cgt-hopital-manosque.fr\/index.php?rest_route=\/wp\/v2\/posts\/5543\/revisions"}],"predecessor-version":[{"id":5547,"href":"http:\/\/www.cgt-hopital-manosque.fr\/index.php?rest_route=\/wp\/v2\/posts\/5543\/revisions\/5547"}],"wp:attachment":[{"href":"http:\/\/www.cgt-hopital-manosque.fr\/index.php?rest_route=%2Fwp%2Fv2%2Fmedia&parent=5543"}],"wp:term":[{"taxonomy":"category","embeddable":true,"href":"http:\/\/www.cgt-hopital-manosque.fr\/index.php?rest_route=%2Fwp%2Fv2%2Fcategories&post=5543"},{"taxonomy":"post_tag","embeddable":true,"href":"http:\/\/www.cgt-hopital-manosque.fr\/index.php?rest_route=%2Fwp%2Fv2%2Ftags&post=5543"}],"curies":[{"name":"wp","href":"https:\/\/api.w.org\/{rel}","templated":true}]}}